{"id":41476,"date":"2021-04-23T14:32:59","date_gmt":"2021-04-23T12:32:59","guid":{"rendered":"https:\/\/www.vilademuro.net\/proceso-selectivo-plaza-arquitecto-a\/"},"modified":"2023-04-12T08:48:39","modified_gmt":"2023-04-12T06:48:39","slug":"proceso-selectivo-plaza-arquitecto-a","status":"publish","type":"post","link":"https:\/\/www.vilademuro.net\/es\/proceso-selectivo-plaza-arquitecto-a\/","title":{"rendered":"PROCESO SELECTIVO PLAZA ARQUITECTO-A (PROCESO CERRADO)"},"content":{"rendered":"<p><a href=\"https:\/\/www.vilademuro.net\/wp-content\/uploads\/2021\/04\/Aprovacio-bases-especifiques-i-convocatoria-placa-arquitecte-a-BOP-no-74-de-22-04-2021.pdf\">Aprobaci\u00f3n bases espec\u00edficas y convocatoria plaza arquitecto-a &#8211; BOP n\u00ba 74 de 22-04-2021<\/a><\/p>\n<p><a href=\"https:\/\/www.vilademuro.net\/wp-content\/uploads\/2021\/04\/Anunci-DOGV-num.-9094-de-27-de-maig-de-2021.pdf\">Anuncio DOGV n\u00fam. 9094 de 27 de mayo de 2021<\/a><\/p>\n<p><a href=\"https:\/\/www.vilademuro.net\/wp-content\/uploads\/2021\/04\/Anunci-BOE-num.-135-de-7-de-juny-de-2021.pdf\">Anuncio BOE n\u00fam. 135 de 7 de junio de 2021<\/a><\/p>\n<p><a href=\"https:\/\/www.vilademuro.net\/wp-content\/uploads\/2021\/04\/INSTANCIA-Termini-de-presentacio-dinstancies-del-8-de-juny-al-6-de-juliol-de-2021-ambdos-inclosos.doc\">INSTANCIA <span style=\"color: #808080\"><b style=\"color: #808080\">(Plazo de presentaci\u00f3n de instancias del 8 de junio al 6 de julio de 2021, ambos <\/b><span style=\"color: #808080\"><b>incluidos<\/b><\/span><b style=\"color: #808080\">)<\/b><\/span><\/a><\/p>\n<p><a href=\"https:\/\/www.vilademuro.net\/wp-content\/uploads\/2021\/04\/LLista-provisional-admesos-i-exclosos-BOP-no-142-de-29-07-2021.pdf\">Lista provisional admitidos y excluidos &#8211; BOP n\u00ba 142 de 29-07-2021<\/a><\/p>\n<p><a href=\"https:\/\/www.vilademuro.net\/wp-content\/uploads\/2021\/04\/Llista-definitiva-admesos-i-exclosos-tribunal-i-data-primer-exercici-BOP-no-65-de-04-04-2022.pdf\">Lista definitiva admitidos y excluidos, tribunal y fecha primer ejercicio &#8211; BOP n\u00ba 65 de 04-04-2022<\/a><\/p>\n<p><a href=\"https:\/\/www.vilademuro.net\/wp-content\/uploads\/2021\/04\/Anuncio-resultados-primer-ejercicio-fase-oposicion-ARQUITECTO-A.pdf\">Anuncio resultados primer ejercicio fase oposici\u00f3n ARQUITECTO-A y convocatoria segundo ejercicio<\/a><\/p>\n<p><a href=\"https:\/\/www.vilademuro.net\/wp-content\/uploads\/2021\/04\/Primer-ejercicio-Arquitecto-Test-Castellano.pdf\">Primer ejercicio Arquitecto &#8211; Test (Castellano)<\/a><\/p>\n<p><a href=\"https:\/\/www.vilademuro.net\/wp-content\/uploads\/2021\/04\/Plantilla-respuestas-primer-ejercicio-Arquitecto-Test-02-05-2022.pdf\">Plantilla respuestas primer ejercicio Arquitecto &#8211; Test 02-05-2022<\/a><\/p>\n<p><a href=\"https:\/\/www.vilademuro.net\/wp-content\/uploads\/2021\/04\/Primer-ejercicio-Arquitecto-Test-con-respuestas.pdf\">Primer ejercicio Arquitecto &#8211; Test con respuestas<\/a><\/p>\n<p>ANUNCIO: <a href=\"https:\/\/www.vilademuro.net\/wp-content\/uploads\/2021\/04\/SUSPENSION-FECHA-REALIZACION-SEGUNDO-EJERCICIO-PROCESOS-SELECTIVO-ARQUITECTO_A.pdf\">Suspensi\u00f3n fecha realizaci\u00f3n segundo ejercicio proceso selectivo arquitecto-a<\/a><\/p>\n<p><a href=\"https:\/\/www.vilademuro.net\/wp-content\/uploads\/2021\/04\/Acta-no-2-de-13-05-2022-resolucion-de-alegaciones.pdf\">Resoluci\u00f3n de alegaciones primer ejercicio &#8211; Acta del Tribunal n\u00ba 2 de 13-05-2022<\/a><\/p>\n<p><a href=\"https:\/\/www.vilademuro.net\/wp-content\/uploads\/2021\/04\/DECRETO-2022-0736-Resolucion-recurso-de-alzada-primer-ejercicio-arquitecto.pdf\">Resoluci\u00f3n recurso de alzada primer ejercicio &#8211; <\/a><a href=\"https:\/\/www.vilademuro.net\/wp-content\/uploads\/2021\/04\/DECRETO-2022-0736-Resolucion-recurso-de-alzada-primer-ejercicio-arquitecto.pdf\">DECRETO 2022-0736<\/a><\/p>\n<p>ANUNCIO: <a href=\"https:\/\/www.vilademuro.net\/wp-content\/uploads\/2021\/04\/Anuncio-resultados-definitivos-primer-ejercicio-y-convocatoria-segundo-ejercicio.pdf\">Resultados definitivos primer ejercicio y convocatoria segundo ejercicio<\/a><\/p>\n<p>ANUNCIO: <a href=\"https:\/\/www.vilademuro.net\/wp-content\/uploads\/2021\/04\/Anuncio-resultados-segundo-ejercicio-y-convocatoria-tercer-ejercicio-Arquitecto-a.pdf\">Resultados segundo ejercicio y convocatoria tercer ejercicio<\/a><\/p>\n<p>ANUNCIO: <a href=\"https:\/\/www.vilademuro.net\/wp-content\/uploads\/2021\/04\/Anuncio-resultados-tercer-ejercicio-y-plazo-de-presentacion-de-meritos.pdf\">Anuncio resultados tercer ejercicio y plazo de presentaci\u00f3n de m\u00e9ritos<\/a>\u00a0\u00a0 <strong>Plazo de presentaci\u00f3n de m\u00e9ritos: del 22 de julio al 04 de agosto de 2022 (ambos inclusive)<\/strong><\/p>\n<p>ANUNCIO: <a href=\"https:\/\/www.vilademuro.net\/wp-content\/uploads\/2021\/04\/ANUNCIO-BAREMACION-MERITOS-Y-FINAL-PROCESO-ARQUITECTO-1.pdf\">ANUNCIO baremaci\u00f3n m\u00e9ritos fase concurso, resultados totales proceso selectivo, propuesta de nombramiento y constituci\u00f3n de bolsa de trabajo<\/a><\/p>\n<p><a href=\"https:\/\/www.vilademuro.net\/wp-content\/uploads\/2021\/04\/DECRETO-2023-0508-Resolucion-aprobacion-Constitucion-Bolsa-de-Trabajo-Arquitecto_a.pdf\">DECRETO 2023-0508 &#8211; Resoluci\u00f3n aprobaci\u00f3n constituci\u00f3n bolsa de trabajo Arquitecto-a<\/a><\/p>\n<p>&nbsp;<\/p>\n<p>&nbsp;<\/p>\n","protected":false},"excerpt":{"rendered":"<p>Aprobaci\u00f3n bases espec\u00edficas y convocatoria plaza arquitecto-a &#8211; BOP n\u00ba 74 de 22-04-2021 Anuncio DOGV n\u00fam. 9094 de 27 de mayo de 2021 Anuncio BOE n\u00fam. 135 de 7 de [&hellip;]<\/p>\n","protected":false},"author":13,"featured_media":37891,"comment_status":"closed","ping_status":"closed","sticky":false,"template":"","format":"standard","meta":{"_et_pb_use_builder":"","_et_pb_old_content":"","_et_gb_content_width":"","footnotes":""},"categories":[49,108],"tags":[],"class_list":["post-41476","post","type-post","status-publish","format-standard","has-post-thumbnail","hentry","category-noticias","category-ocupacio-publica-es"],"yoast_head":"<!-- This site is optimized with the Yoast SEO plugin v27.1.1 - https:\/\/yoast.com\/product\/yoast-seo-wordpress\/ -->\n<title>PROCESO SELECTIVO PLAZA ARQUITECTO-A (PROCESO CERRADO) | Ajuntament de Muro<\/title>\n<meta name=\"robots\" content=\"index, follow, max-snippet:-1, max-image-preview:large, max-video-preview:-1\" \/>\n<link rel=\"canonical\" href=\"https:\/\/www.vilademuro.net\/es\/proceso-selectivo-plaza-arquitecto-a\/\" \/>\n<meta property=\"og:locale\" content=\"es_ES\" \/>\n<meta property=\"og:type\" content=\"article\" \/>\n<meta property=\"og:title\" content=\"PROCESO SELECTIVO PLAZA ARQUITECTO-A (PROCESO CERRADO) | Ajuntament de Muro\" \/>\n<meta property=\"og:description\" content=\"Aprobaci\u00f3n bases espec\u00edficas y convocatoria plaza arquitecto-a &#8211; BOP n\u00ba 74 de 22-04-2021 Anuncio DOGV n\u00fam. 9094 de 27 de mayo de 2021 Anuncio BOE n\u00fam. 135 de 7 de [&hellip;]\" \/>\n<meta property=\"og:url\" content=\"https:\/\/www.vilademuro.net\/es\/proceso-selectivo-plaza-arquitecto-a\/\" \/>\n<meta property=\"og:site_name\" content=\"Ajuntament de Muro\" \/>\n<meta property=\"article:publisher\" content=\"https:\/\/www.facebook.com\/murodealcoy\" \/>\n<meta property=\"article:published_time\" content=\"2021-04-23T12:32:59+00:00\" \/>\n<meta property=\"article:modified_time\" content=\"2023-04-12T06:48:39+00:00\" \/>\n<meta property=\"og:image\" content=\"https:\/\/www.vilademuro.net\/wp-content\/uploads\/2020\/04\/logo-entrades-ocupacio-publica-1.jpg\" \/>\n\t<meta property=\"og:image:width\" content=\"200\" \/>\n\t<meta property=\"og:image:height\" content=\"200\" \/>\n\t<meta property=\"og:image:type\" content=\"image\/jpeg\" \/>\n<meta name=\"author\" content=\"Mariluz Pastor\" \/>\n<meta name=\"twitter:card\" content=\"summary_large_image\" \/>\n<meta name=\"twitter:creator\" content=\"@AjuntamentMuro\" \/>\n<meta name=\"twitter:site\" content=\"@AjuntamentMuro\" \/>\n<meta name=\"twitter:label1\" content=\"Escrito por\" \/>\n\t<meta name=\"twitter:data1\" content=\"Mariluz Pastor\" \/>\n\t<meta name=\"twitter:label2\" content=\"Tiempo de lectura\" \/>\n\t<meta name=\"twitter:data2\" content=\"2 minutos\" \/>\n<script type=\"application\/ld+json\" class=\"yoast-schema-graph\">{\"@context\":\"https:\/\/schema.org\",\"@graph\":[{\"@type\":\"Article\",\"@id\":\"https:\/\/www.vilademuro.net\/es\/proceso-selectivo-plaza-arquitecto-a\/#article\",\"isPartOf\":{\"@id\":\"https:\/\/www.vilademuro.net\/es\/proceso-selectivo-plaza-arquitecto-a\/\"},\"author\":{\"name\":\"Mariluz Pastor\",\"@id\":\"https:\/\/www.vilademuro.net\/es\/#\/schema\/person\/dabcb2df6313cb6af73aee8eaa69dccb\"},\"headline\":\"PROCESO SELECTIVO PLAZA ARQUITECTO-A (PROCESO CERRADO)\",\"datePublished\":\"2021-04-23T12:32:59+00:00\",\"dateModified\":\"2023-04-12T06:48:39+00:00\",\"mainEntityOfPage\":{\"@id\":\"https:\/\/www.vilademuro.net\/es\/proceso-selectivo-plaza-arquitecto-a\/\"},\"wordCount\":232,\"publisher\":{\"@id\":\"https:\/\/www.vilademuro.net\/es\/#organization\"},\"image\":{\"@id\":\"https:\/\/www.vilademuro.net\/es\/proceso-selectivo-plaza-arquitecto-a\/#primaryimage\"},\"thumbnailUrl\":\"https:\/\/www.vilademuro.net\/wp-content\/uploads\/2020\/04\/logo-entrades-ocupacio-publica-1.jpg\",\"articleSection\":[\"Noticias\",\"Ocupaci\u00f3 p\u00fablica\"],\"inLanguage\":\"es\"},{\"@type\":\"WebPage\",\"@id\":\"https:\/\/www.vilademuro.net\/es\/proceso-selectivo-plaza-arquitecto-a\/\",\"url\":\"https:\/\/www.vilademuro.net\/es\/proceso-selectivo-plaza-arquitecto-a\/\",\"name\":\"PROCESO SELECTIVO PLAZA ARQUITECTO-A (PROCESO CERRADO) | Ajuntament de Muro\",\"isPartOf\":{\"@id\":\"https:\/\/www.vilademuro.net\/es\/#website\"},\"primaryImageOfPage\":{\"@id\":\"https:\/\/www.vilademuro.net\/es\/proceso-selectivo-plaza-arquitecto-a\/#primaryimage\"},\"image\":{\"@id\":\"https:\/\/www.vilademuro.net\/es\/proceso-selectivo-plaza-arquitecto-a\/#primaryimage\"},\"thumbnailUrl\":\"https:\/\/www.vilademuro.net\/wp-content\/uploads\/2020\/04\/logo-entrades-ocupacio-publica-1.jpg\",\"datePublished\":\"2021-04-23T12:32:59+00:00\",\"dateModified\":\"2023-04-12T06:48:39+00:00\",\"breadcrumb\":{\"@id\":\"https:\/\/www.vilademuro.net\/es\/proceso-selectivo-plaza-arquitecto-a\/#breadcrumb\"},\"inLanguage\":\"es\",\"potentialAction\":[{\"@type\":\"ReadAction\",\"target\":[\"https:\/\/www.vilademuro.net\/es\/proceso-selectivo-plaza-arquitecto-a\/\"]}]},{\"@type\":\"ImageObject\",\"inLanguage\":\"es\",\"@id\":\"https:\/\/www.vilademuro.net\/es\/proceso-selectivo-plaza-arquitecto-a\/#primaryimage\",\"url\":\"https:\/\/www.vilademuro.net\/wp-content\/uploads\/2020\/04\/logo-entrades-ocupacio-publica-1.jpg\",\"contentUrl\":\"https:\/\/www.vilademuro.net\/wp-content\/uploads\/2020\/04\/logo-entrades-ocupacio-publica-1.jpg\",\"width\":200,\"height\":200},{\"@type\":\"BreadcrumbList\",\"@id\":\"https:\/\/www.vilademuro.net\/es\/proceso-selectivo-plaza-arquitecto-a\/#breadcrumb\",\"itemListElement\":[{\"@type\":\"ListItem\",\"position\":1,\"name\":\"Inici\",\"item\":\"https:\/\/www.vilademuro.net\/es\/\"},{\"@type\":\"ListItem\",\"position\":2,\"name\":\"PROCESO SELECTIVO PLAZA ARQUITECTO-A (PROCESO CERRADO)\"}]},{\"@type\":\"WebSite\",\"@id\":\"https:\/\/www.vilademuro.net\/es\/#website\",\"url\":\"https:\/\/www.vilademuro.net\/es\/\",\"name\":\"Ajuntament de Muro d'Alcoi\",\"description\":\"P\u00e1gina web oficial de l&#039;Ajuntament de Muro\",\"publisher\":{\"@id\":\"https:\/\/www.vilademuro.net\/es\/#organization\"},\"potentialAction\":[{\"@type\":\"SearchAction\",\"target\":{\"@type\":\"EntryPoint\",\"urlTemplate\":\"https:\/\/www.vilademuro.net\/es\/?s={search_term_string}\"},\"query-input\":{\"@type\":\"PropertyValueSpecification\",\"valueRequired\":true,\"valueName\":\"search_term_string\"}}],\"inLanguage\":\"es\"},{\"@type\":\"Organization\",\"@id\":\"https:\/\/www.vilademuro.net\/es\/#organization\",\"name\":\"Ajuntament de Muro\",\"url\":\"https:\/\/www.vilademuro.net\/es\/\",\"logo\":{\"@type\":\"ImageObject\",\"inLanguage\":\"es\",\"@id\":\"https:\/\/www.vilademuro.net\/es\/#\/schema\/logo\/image\/\",\"url\":\"https:\/\/www.vilademuro.net\/wp-content\/uploads\/2022\/10\/LOGO3-2.jpg\",\"contentUrl\":\"https:\/\/www.vilademuro.net\/wp-content\/uploads\/2022\/10\/LOGO3-2.jpg\",\"width\":756,\"height\":517,\"caption\":\"Ajuntament de Muro\"},\"image\":{\"@id\":\"https:\/\/www.vilademuro.net\/es\/#\/schema\/logo\/image\/\"},\"sameAs\":[\"https:\/\/www.facebook.com\/murodealcoy\",\"https:\/\/x.com\/AjuntamentMuro\",\"https:\/\/www.youtube.com\/channel\/UC2rwbKfRqsd1Ncwm6Y1prQw\"]},{\"@type\":\"Person\",\"@id\":\"https:\/\/www.vilademuro.net\/es\/#\/schema\/person\/dabcb2df6313cb6af73aee8eaa69dccb\",\"name\":\"Mariluz Pastor\",\"image\":{\"@type\":\"ImageObject\",\"inLanguage\":\"es\",\"@id\":\"https:\/\/www.vilademuro.net\/es\/#\/schema\/person\/image\/\",\"url\":\"https:\/\/secure.gravatar.com\/avatar\/424aeab4f0278a8f8aa3e9c2e4cf16d845b14d9b40095343a3ec79d32f2bcb8d?s=96&d=mm&r=g\",\"contentUrl\":\"https:\/\/secure.gravatar.com\/avatar\/424aeab4f0278a8f8aa3e9c2e4cf16d845b14d9b40095343a3ec79d32f2bcb8d?s=96&d=mm&r=g\",\"caption\":\"Mariluz Pastor\"}}]}<\/script>\n<!-- \/ Yoast SEO plugin. -->","yoast_head_json":{"title":"PROCESO SELECTIVO PLAZA ARQUITECTO-A (PROCESO CERRADO) | Ajuntament de Muro","robots":{"index":"index","follow":"follow","max-snippet":"max-snippet:-1","max-image-preview":"max-image-preview:large","max-video-preview":"max-video-preview:-1"},"canonical":"https:\/\/www.vilademuro.net\/es\/proceso-selectivo-plaza-arquitecto-a\/","og_locale":"es_ES","og_type":"article","og_title":"PROCESO SELECTIVO PLAZA ARQUITECTO-A (PROCESO CERRADO) | Ajuntament de Muro","og_description":"Aprobaci\u00f3n bases espec\u00edficas y convocatoria plaza arquitecto-a &#8211; BOP n\u00ba 74 de 22-04-2021 Anuncio DOGV n\u00fam. 9094 de 27 de mayo de 2021 Anuncio BOE n\u00fam. 135 de 7 de [&hellip;]","og_url":"https:\/\/www.vilademuro.net\/es\/proceso-selectivo-plaza-arquitecto-a\/","og_site_name":"Ajuntament de Muro","article_publisher":"https:\/\/www.facebook.com\/murodealcoy","article_published_time":"2021-04-23T12:32:59+00:00","article_modified_time":"2023-04-12T06:48:39+00:00","og_image":[{"width":200,"height":200,"url":"https:\/\/www.vilademuro.net\/wp-content\/uploads\/2020\/04\/logo-entrades-ocupacio-publica-1.jpg","type":"image\/jpeg"}],"author":"Mariluz Pastor","twitter_card":"summary_large_image","twitter_creator":"@AjuntamentMuro","twitter_site":"@AjuntamentMuro","twitter_misc":{"Escrito por":"Mariluz Pastor","Tiempo de lectura":"2 minutos"},"schema":{"@context":"https:\/\/schema.org","@graph":[{"@type":"Article","@id":"https:\/\/www.vilademuro.net\/es\/proceso-selectivo-plaza-arquitecto-a\/#article","isPartOf":{"@id":"https:\/\/www.vilademuro.net\/es\/proceso-selectivo-plaza-arquitecto-a\/"},"author":{"name":"Mariluz Pastor","@id":"https:\/\/www.vilademuro.net\/es\/#\/schema\/person\/dabcb2df6313cb6af73aee8eaa69dccb"},"headline":"PROCESO SELECTIVO PLAZA ARQUITECTO-A (PROCESO CERRADO)","datePublished":"2021-04-23T12:32:59+00:00","dateModified":"2023-04-12T06:48:39+00:00","mainEntityOfPage":{"@id":"https:\/\/www.vilademuro.net\/es\/proceso-selectivo-plaza-arquitecto-a\/"},"wordCount":232,"publisher":{"@id":"https:\/\/www.vilademuro.net\/es\/#organization"},"image":{"@id":"https:\/\/www.vilademuro.net\/es\/proceso-selectivo-plaza-arquitecto-a\/#primaryimage"},"thumbnailUrl":"https:\/\/www.vilademuro.net\/wp-content\/uploads\/2020\/04\/logo-entrades-ocupacio-publica-1.jpg","articleSection":["Noticias","Ocupaci\u00f3 p\u00fablica"],"inLanguage":"es"},{"@type":"WebPage","@id":"https:\/\/www.vilademuro.net\/es\/proceso-selectivo-plaza-arquitecto-a\/","url":"https:\/\/www.vilademuro.net\/es\/proceso-selectivo-plaza-arquitecto-a\/","name":"PROCESO SELECTIVO PLAZA ARQUITECTO-A (PROCESO CERRADO) | Ajuntament de Muro","isPartOf":{"@id":"https:\/\/www.vilademuro.net\/es\/#website"},"primaryImageOfPage":{"@id":"https:\/\/www.vilademuro.net\/es\/proceso-selectivo-plaza-arquitecto-a\/#primaryimage"},"image":{"@id":"https:\/\/www.vilademuro.net\/es\/proceso-selectivo-plaza-arquitecto-a\/#primaryimage"},"thumbnailUrl":"https:\/\/www.vilademuro.net\/wp-content\/uploads\/2020\/04\/logo-entrades-ocupacio-publica-1.jpg","datePublished":"2021-04-23T12:32:59+00:00","dateModified":"2023-04-12T06:48:39+00:00","breadcrumb":{"@id":"https:\/\/www.vilademuro.net\/es\/proceso-selectivo-plaza-arquitecto-a\/#breadcrumb"},"inLanguage":"es","potentialAction":[{"@type":"ReadAction","target":["https:\/\/www.vilademuro.net\/es\/proceso-selectivo-plaza-arquitecto-a\/"]}]},{"@type":"ImageObject","inLanguage":"es","@id":"https:\/\/www.vilademuro.net\/es\/proceso-selectivo-plaza-arquitecto-a\/#primaryimage","url":"https:\/\/www.vilademuro.net\/wp-content\/uploads\/2020\/04\/logo-entrades-ocupacio-publica-1.jpg","contentUrl":"https:\/\/www.vilademuro.net\/wp-content\/uploads\/2020\/04\/logo-entrades-ocupacio-publica-1.jpg","width":200,"height":200},{"@type":"BreadcrumbList","@id":"https:\/\/www.vilademuro.net\/es\/proceso-selectivo-plaza-arquitecto-a\/#breadcrumb","itemListElement":[{"@type":"ListItem","position":1,"name":"Inici","item":"https:\/\/www.vilademuro.net\/es\/"},{"@type":"ListItem","position":2,"name":"PROCESO SELECTIVO PLAZA ARQUITECTO-A (PROCESO CERRADO)"}]},{"@type":"WebSite","@id":"https:\/\/www.vilademuro.net\/es\/#website","url":"https:\/\/www.vilademuro.net\/es\/","name":"Ajuntament de Muro d'Alcoi","description":"P\u00e1gina web oficial de l&#039;Ajuntament de Muro","publisher":{"@id":"https:\/\/www.vilademuro.net\/es\/#organization"},"potentialAction":[{"@type":"SearchAction","target":{"@type":"EntryPoint","urlTemplate":"https:\/\/www.vilademuro.net\/es\/?s={search_term_string}"},"query-input":{"@type":"PropertyValueSpecification","valueRequired":true,"valueName":"search_term_string"}}],"inLanguage":"es"},{"@type":"Organization","@id":"https:\/\/www.vilademuro.net\/es\/#organization","name":"Ajuntament de Muro","url":"https:\/\/www.vilademuro.net\/es\/","logo":{"@type":"ImageObject","inLanguage":"es","@id":"https:\/\/www.vilademuro.net\/es\/#\/schema\/logo\/image\/","url":"https:\/\/www.vilademuro.net\/wp-content\/uploads\/2022\/10\/LOGO3-2.jpg","contentUrl":"https:\/\/www.vilademuro.net\/wp-content\/uploads\/2022\/10\/LOGO3-2.jpg","width":756,"height":517,"caption":"Ajuntament de Muro"},"image":{"@id":"https:\/\/www.vilademuro.net\/es\/#\/schema\/logo\/image\/"},"sameAs":["https:\/\/www.facebook.com\/murodealcoy","https:\/\/x.com\/AjuntamentMuro","https:\/\/www.youtube.com\/channel\/UC2rwbKfRqsd1Ncwm6Y1prQw"]},{"@type":"Person","@id":"https:\/\/www.vilademuro.net\/es\/#\/schema\/person\/dabcb2df6313cb6af73aee8eaa69dccb","name":"Mariluz Pastor","image":{"@type":"ImageObject","inLanguage":"es","@id":"https:\/\/www.vilademuro.net\/es\/#\/schema\/person\/image\/","url":"https:\/\/secure.gravatar.com\/avatar\/424aeab4f0278a8f8aa3e9c2e4cf16d845b14d9b40095343a3ec79d32f2bcb8d?s=96&d=mm&r=g","contentUrl":"https:\/\/secure.gravatar.com\/avatar\/424aeab4f0278a8f8aa3e9c2e4cf16d845b14d9b40095343a3ec79d32f2bcb8d?s=96&d=mm&r=g","caption":"Mariluz Pastor"}}]}},"_links":{"self":[{"href":"https:\/\/www.vilademuro.net\/es\/wp-json\/wp\/v2\/posts\/41476","targetHints":{"allow":["GET"]}}],"collection":[{"href":"https:\/\/www.vilademuro.net\/es\/wp-json\/wp\/v2\/posts"}],"about":[{"href":"https:\/\/www.vilademuro.net\/es\/wp-json\/wp\/v2\/types\/post"}],"author":[{"embeddable":true,"href":"https:\/\/www.vilademuro.net\/es\/wp-json\/wp\/v2\/users\/13"}],"replies":[{"embeddable":true,"href":"https:\/\/www.vilademuro.net\/es\/wp-json\/wp\/v2\/comments?post=41476"}],"version-history":[{"count":0,"href":"https:\/\/www.vilademuro.net\/es\/wp-json\/wp\/v2\/posts\/41476\/revisions"}],"wp:featuredmedia":[{"embeddable":true,"href":"https:\/\/www.vilademuro.net\/es\/wp-json\/wp\/v2\/media\/37891"}],"wp:attachment":[{"href":"https:\/\/www.vilademuro.net\/es\/wp-json\/wp\/v2\/media?parent=41476"}],"wp:term":[{"taxonomy":"category","embeddable":true,"href":"https:\/\/www.vilademuro.net\/es\/wp-json\/wp\/v2\/categories?post=41476"},{"taxonomy":"post_tag","embeddable":true,"href":"https:\/\/www.vilademuro.net\/es\/wp-json\/wp\/v2\/tags?post=41476"}],"curies":[{"name":"wp","href":"https:\/\/api.w.org\/{rel}","templated":true}]}}