{"id":39182,"date":"2020-06-05T13:35:25","date_gmt":"2020-06-05T11:35:25","guid":{"rendered":"https:\/\/www.vilademuro.net\/campana-imatgen-logotipo-denominacion-de-origen-fet-a-muro\/"},"modified":"2020-06-05T13:35:25","modified_gmt":"2020-06-05T11:35:25","slug":"campana-imatgen-logotipo-denominacion-de-origen-fet-a-muro","status":"publish","type":"post","link":"https:\/\/www.vilademuro.net\/es\/campana-imatgen-logotipo-denominacion-de-origen-fet-a-muro\/","title":{"rendered":"Campa\u00f1a imatgen  logotipo  denominaci\u00f3n de origen \u00abFet a Muro\u00bb"},"content":{"rendered":"<div><b><br \/>\n<\/b><\/div>\n<div>\n<div><b>El Ayuntamiento de Muro de Alcoy lanza una imagen que pretende ser el logotipo de denominaci\u00f3n de origen de Muro.<\/b><\/div>\n<div><a href=\"https:\/\/www.vilademuro.net\/wp-content\/uploads\/2020\/06\/DEFINITIU-LOGO-FET-A-MURO-BAJA-RESOLUCION-1.jpg\"><img loading=\"lazy\" decoding=\"async\" class=\"size-full wp-image-39179 alignleft\" src=\"https:\/\/www.vilademuro.net\/wp-content\/uploads\/2020\/06\/DEFINITIU-LOGO-FET-A-MURO-BAJA-RESOLUCION-1.jpg\" alt=\"\" width=\"143\" height=\"181\" \/><\/a>El Ayuntamiento de Muro de Alcoy, atrav\u00e9s de la Concejalia de Promoci\u00f3n Econ\u00f3mica y Turismo, ha lanzado una imagen que pretende se convierta en referente del buen hacer del sector econ\u00f3mico y empresarial de Muro.<\/div>\n<div>Esta es una de las medidas tomadas dentro de un conjunto con que la corporaci\u00f3n municipal pretende reactivar la economia local, empezando por poner en valor lo que es m\u00e1s nuestro, nuestra identidad y forma de ser que nos hacen ser diferentes del resto de poblaciones.<\/div>\n<div>Por ello, junto con una campa\u00f1a de publicidad por redes sociales y diferentes videos promocionales, la imagen de \u00abFet a Muro\u00bb se brinda como herramienta para diferenciar y mostrar con orgullo el origen de nuestro esfuerzo y trabajo.<\/div>\n<div><\/div>\n<div>El Ayuntamiento de Muro de Alcoy, con CIF P0309200D, en calidad de propietario de la imagen y de cedente, autoriza al cesionario a utilizar su imagen del logotipo \u00abFet a Muro\u00bb en las condiciones y durante el plazo en previsto a continuaci\u00f3n:<\/div>\n<div>Tiempo de uso ilimitado.<\/div>\n<div>Cesi\u00f3n para usos l\u00edcitos y moralmente adecuados y para la promoci\u00f3n de los productos y servicios hechos en Muro de Alcoy o por sus habitantes aunque\u00a0 su trabajo o servicio no est\u00e9 ubicado en la localidad.<\/div>\n<div>El uso de esta imagen persigue el objetivo de la diferenciaci\u00f3n y el reconocimiento de un trabajo y esfuerzo que se traduce en un producto o servicio hecho desde el cari\u00f1o y la proximidad que mantienen a Muro como pueblo de tradici\u00f3n. Con ello pretendemos que se utilice como un logo de denominaci\u00f3n de origen.<\/div>\n<div>La cesi\u00f3n se hace a t\u00edtulo gratuito con la simple observancia de los usos contemplados en la cesi\u00f3n.<\/div>\n<\/div>\n<div><\/div>\n","protected":false},"excerpt":{"rendered":"<p>El Ayuntamiento de Muro de Alcoy lanza una imagen que pretende ser el logotipo de denominaci\u00f3n de origen de Muro. El Ayuntamiento de Muro de Alcoy, atrav\u00e9s de la Concejalia [&hellip;]<\/p>\n","protected":false},"author":4,"featured_media":39179,"comment_status":"closed","ping_status":"closed","sticky":false,"template":"","format":"standard","meta":{"_et_pb_use_builder":"","_et_pb_old_content":"","_et_gb_content_width":"","footnotes":""},"categories":[50,69,49,78],"tags":[],"class_list":["post-39182","post","type-post","status-publish","format-standard","has-post-thumbnail","hentry","category-adl-es","category-campanas","category-noticias","category-turismo"],"yoast_head":"<!-- This site is optimized with the Yoast SEO plugin v27.1.1 - https:\/\/yoast.com\/product\/yoast-seo-wordpress\/ -->\n<title>Campa\u00f1a imatgen logotipo denominaci\u00f3n de origen &quot;Fet a Muro&quot; | Ajuntament de Muro<\/title>\n<meta name=\"robots\" content=\"index, follow, max-snippet:-1, max-image-preview:large, max-video-preview:-1\" \/>\n<link rel=\"canonical\" href=\"https:\/\/www.vilademuro.net\/es\/campana-imatgen-logotipo-denominacion-de-origen-fet-a-muro\/\" \/>\n<meta property=\"og:locale\" content=\"es_ES\" \/>\n<meta property=\"og:type\" content=\"article\" \/>\n<meta property=\"og:title\" content=\"Campa\u00f1a imatgen logotipo denominaci\u00f3n de origen &quot;Fet a Muro&quot; | Ajuntament de Muro\" \/>\n<meta property=\"og:description\" content=\"El Ayuntamiento de Muro de Alcoy lanza una imagen que pretende ser el logotipo de denominaci\u00f3n de origen de Muro. El Ayuntamiento de Muro de Alcoy, atrav\u00e9s de la Concejalia [&hellip;]\" \/>\n<meta property=\"og:url\" content=\"https:\/\/www.vilademuro.net\/es\/campana-imatgen-logotipo-denominacion-de-origen-fet-a-muro\/\" \/>\n<meta property=\"og:site_name\" content=\"Ajuntament de Muro\" \/>\n<meta property=\"article:publisher\" content=\"https:\/\/www.facebook.com\/murodealcoy\" \/>\n<meta property=\"article:published_time\" content=\"2020-06-05T11:35:25+00:00\" \/>\n<meta property=\"og:image\" content=\"https:\/\/www.vilademuro.net\/wp-content\/uploads\/2020\/06\/DEFINITIU-LOGO-FET-A-MURO-BAJA-RESOLUCION-1.jpg\" \/>\n\t<meta property=\"og:image:width\" content=\"143\" \/>\n\t<meta property=\"og:image:height\" content=\"181\" \/>\n\t<meta property=\"og:image:type\" content=\"image\/jpeg\" \/>\n<meta name=\"author\" content=\"Erica Boronat\" \/>\n<meta name=\"twitter:card\" content=\"summary_large_image\" \/>\n<meta name=\"twitter:creator\" content=\"@AjuntamentMuro\" \/>\n<meta name=\"twitter:site\" content=\"@AjuntamentMuro\" \/>\n<meta name=\"twitter:label1\" content=\"Escrito por\" \/>\n\t<meta name=\"twitter:data1\" content=\"Erica Boronat\" \/>\n\t<meta name=\"twitter:label2\" content=\"Tiempo de lectura\" \/>\n\t<meta name=\"twitter:data2\" content=\"2 minutos\" \/>\n<script type=\"application\/ld+json\" class=\"yoast-schema-graph\">{\"@context\":\"https:\/\/schema.org\",\"@graph\":[{\"@type\":\"Article\",\"@id\":\"https:\/\/www.vilademuro.net\/es\/campana-imatgen-logotipo-denominacion-de-origen-fet-a-muro\/#article\",\"isPartOf\":{\"@id\":\"https:\/\/www.vilademuro.net\/es\/campana-imatgen-logotipo-denominacion-de-origen-fet-a-muro\/\"},\"author\":{\"name\":\"Erica Boronat\",\"@id\":\"https:\/\/www.vilademuro.net\/es\/#\/schema\/person\/490023e28474c85a348e12020e2d49e2\"},\"headline\":\"Campa\u00f1a imatgen logotipo denominaci\u00f3n de origen \u00abFet a Muro\u00bb\",\"datePublished\":\"2020-06-05T11:35:25+00:00\",\"mainEntityOfPage\":{\"@id\":\"https:\/\/www.vilademuro.net\/es\/campana-imatgen-logotipo-denominacion-de-origen-fet-a-muro\/\"},\"wordCount\":325,\"publisher\":{\"@id\":\"https:\/\/www.vilademuro.net\/es\/#organization\"},\"image\":{\"@id\":\"https:\/\/www.vilademuro.net\/es\/campana-imatgen-logotipo-denominacion-de-origen-fet-a-muro\/#primaryimage\"},\"thumbnailUrl\":\"https:\/\/www.vilademuro.net\/wp-content\/uploads\/2020\/06\/DEFINITIU-LOGO-FET-A-MURO-BAJA-RESOLUCION-1.jpg\",\"articleSection\":[\"ADL\",\"Campa\u00f1as\",\"Noticias\",\"Turismo\"],\"inLanguage\":\"es\"},{\"@type\":\"WebPage\",\"@id\":\"https:\/\/www.vilademuro.net\/es\/campana-imatgen-logotipo-denominacion-de-origen-fet-a-muro\/\",\"url\":\"https:\/\/www.vilademuro.net\/es\/campana-imatgen-logotipo-denominacion-de-origen-fet-a-muro\/\",\"name\":\"Campa\u00f1a imatgen logotipo denominaci\u00f3n de origen \\\"Fet a Muro\\\" | Ajuntament de Muro\",\"isPartOf\":{\"@id\":\"https:\/\/www.vilademuro.net\/es\/#website\"},\"primaryImageOfPage\":{\"@id\":\"https:\/\/www.vilademuro.net\/es\/campana-imatgen-logotipo-denominacion-de-origen-fet-a-muro\/#primaryimage\"},\"image\":{\"@id\":\"https:\/\/www.vilademuro.net\/es\/campana-imatgen-logotipo-denominacion-de-origen-fet-a-muro\/#primaryimage\"},\"thumbnailUrl\":\"https:\/\/www.vilademuro.net\/wp-content\/uploads\/2020\/06\/DEFINITIU-LOGO-FET-A-MURO-BAJA-RESOLUCION-1.jpg\",\"datePublished\":\"2020-06-05T11:35:25+00:00\",\"breadcrumb\":{\"@id\":\"https:\/\/www.vilademuro.net\/es\/campana-imatgen-logotipo-denominacion-de-origen-fet-a-muro\/#breadcrumb\"},\"inLanguage\":\"es\",\"potentialAction\":[{\"@type\":\"ReadAction\",\"target\":[\"https:\/\/www.vilademuro.net\/es\/campana-imatgen-logotipo-denominacion-de-origen-fet-a-muro\/\"]}]},{\"@type\":\"ImageObject\",\"inLanguage\":\"es\",\"@id\":\"https:\/\/www.vilademuro.net\/es\/campana-imatgen-logotipo-denominacion-de-origen-fet-a-muro\/#primaryimage\",\"url\":\"https:\/\/www.vilademuro.net\/wp-content\/uploads\/2020\/06\/DEFINITIU-LOGO-FET-A-MURO-BAJA-RESOLUCION-1.jpg\",\"contentUrl\":\"https:\/\/www.vilademuro.net\/wp-content\/uploads\/2020\/06\/DEFINITIU-LOGO-FET-A-MURO-BAJA-RESOLUCION-1.jpg\",\"width\":143,\"height\":181},{\"@type\":\"BreadcrumbList\",\"@id\":\"https:\/\/www.vilademuro.net\/es\/campana-imatgen-logotipo-denominacion-de-origen-fet-a-muro\/#breadcrumb\",\"itemListElement\":[{\"@type\":\"ListItem\",\"position\":1,\"name\":\"Inici\",\"item\":\"https:\/\/www.vilademuro.net\/es\/\"},{\"@type\":\"ListItem\",\"position\":2,\"name\":\"Campa\u00f1a imatgen logotipo denominaci\u00f3n de origen &#8220;Fet a Muro&#8221;\"}]},{\"@type\":\"WebSite\",\"@id\":\"https:\/\/www.vilademuro.net\/es\/#website\",\"url\":\"https:\/\/www.vilademuro.net\/es\/\",\"name\":\"Ajuntament de Muro d'Alcoi\",\"description\":\"P\u00e1gina web oficial de l&#039;Ajuntament de Muro\",\"publisher\":{\"@id\":\"https:\/\/www.vilademuro.net\/es\/#organization\"},\"potentialAction\":[{\"@type\":\"SearchAction\",\"target\":{\"@type\":\"EntryPoint\",\"urlTemplate\":\"https:\/\/www.vilademuro.net\/es\/?s={search_term_string}\"},\"query-input\":{\"@type\":\"PropertyValueSpecification\",\"valueRequired\":true,\"valueName\":\"search_term_string\"}}],\"inLanguage\":\"es\"},{\"@type\":\"Organization\",\"@id\":\"https:\/\/www.vilademuro.net\/es\/#organization\",\"name\":\"Ajuntament de Muro\",\"url\":\"https:\/\/www.vilademuro.net\/es\/\",\"logo\":{\"@type\":\"ImageObject\",\"inLanguage\":\"es\",\"@id\":\"https:\/\/www.vilademuro.net\/es\/#\/schema\/logo\/image\/\",\"url\":\"https:\/\/www.vilademuro.net\/wp-content\/uploads\/2022\/10\/LOGO3-2.jpg\",\"contentUrl\":\"https:\/\/www.vilademuro.net\/wp-content\/uploads\/2022\/10\/LOGO3-2.jpg\",\"width\":756,\"height\":517,\"caption\":\"Ajuntament de Muro\"},\"image\":{\"@id\":\"https:\/\/www.vilademuro.net\/es\/#\/schema\/logo\/image\/\"},\"sameAs\":[\"https:\/\/www.facebook.com\/murodealcoy\",\"https:\/\/x.com\/AjuntamentMuro\",\"https:\/\/www.youtube.com\/channel\/UC2rwbKfRqsd1Ncwm6Y1prQw\"]},{\"@type\":\"Person\",\"@id\":\"https:\/\/www.vilademuro.net\/es\/#\/schema\/person\/490023e28474c85a348e12020e2d49e2\",\"name\":\"Erica Boronat\",\"image\":{\"@type\":\"ImageObject\",\"inLanguage\":\"es\",\"@id\":\"https:\/\/www.vilademuro.net\/es\/#\/schema\/person\/image\/\",\"url\":\"https:\/\/secure.gravatar.com\/avatar\/713e51feb29f46013b85e224b6afe7bc3dd92375ecce954eac6743fc1c5bc1b0?s=96&d=mm&r=g\",\"contentUrl\":\"https:\/\/secure.gravatar.com\/avatar\/713e51feb29f46013b85e224b6afe7bc3dd92375ecce954eac6743fc1c5bc1b0?s=96&d=mm&r=g\",\"caption\":\"Erica Boronat\"}}]}<\/script>\n<!-- \/ Yoast SEO plugin. -->","yoast_head_json":{"title":"Campa\u00f1a imatgen logotipo denominaci\u00f3n de origen \"Fet a Muro\" | Ajuntament de Muro","robots":{"index":"index","follow":"follow","max-snippet":"max-snippet:-1","max-image-preview":"max-image-preview:large","max-video-preview":"max-video-preview:-1"},"canonical":"https:\/\/www.vilademuro.net\/es\/campana-imatgen-logotipo-denominacion-de-origen-fet-a-muro\/","og_locale":"es_ES","og_type":"article","og_title":"Campa\u00f1a imatgen logotipo denominaci\u00f3n de origen \"Fet a Muro\" | Ajuntament de Muro","og_description":"El Ayuntamiento de Muro de Alcoy lanza una imagen que pretende ser el logotipo de denominaci\u00f3n de origen de Muro. El Ayuntamiento de Muro de Alcoy, atrav\u00e9s de la Concejalia [&hellip;]","og_url":"https:\/\/www.vilademuro.net\/es\/campana-imatgen-logotipo-denominacion-de-origen-fet-a-muro\/","og_site_name":"Ajuntament de Muro","article_publisher":"https:\/\/www.facebook.com\/murodealcoy","article_published_time":"2020-06-05T11:35:25+00:00","og_image":[{"width":143,"height":181,"url":"https:\/\/www.vilademuro.net\/wp-content\/uploads\/2020\/06\/DEFINITIU-LOGO-FET-A-MURO-BAJA-RESOLUCION-1.jpg","type":"image\/jpeg"}],"author":"Erica Boronat","twitter_card":"summary_large_image","twitter_creator":"@AjuntamentMuro","twitter_site":"@AjuntamentMuro","twitter_misc":{"Escrito por":"Erica Boronat","Tiempo de lectura":"2 minutos"},"schema":{"@context":"https:\/\/schema.org","@graph":[{"@type":"Article","@id":"https:\/\/www.vilademuro.net\/es\/campana-imatgen-logotipo-denominacion-de-origen-fet-a-muro\/#article","isPartOf":{"@id":"https:\/\/www.vilademuro.net\/es\/campana-imatgen-logotipo-denominacion-de-origen-fet-a-muro\/"},"author":{"name":"Erica Boronat","@id":"https:\/\/www.vilademuro.net\/es\/#\/schema\/person\/490023e28474c85a348e12020e2d49e2"},"headline":"Campa\u00f1a imatgen logotipo denominaci\u00f3n de origen \u00abFet a Muro\u00bb","datePublished":"2020-06-05T11:35:25+00:00","mainEntityOfPage":{"@id":"https:\/\/www.vilademuro.net\/es\/campana-imatgen-logotipo-denominacion-de-origen-fet-a-muro\/"},"wordCount":325,"publisher":{"@id":"https:\/\/www.vilademuro.net\/es\/#organization"},"image":{"@id":"https:\/\/www.vilademuro.net\/es\/campana-imatgen-logotipo-denominacion-de-origen-fet-a-muro\/#primaryimage"},"thumbnailUrl":"https:\/\/www.vilademuro.net\/wp-content\/uploads\/2020\/06\/DEFINITIU-LOGO-FET-A-MURO-BAJA-RESOLUCION-1.jpg","articleSection":["ADL","Campa\u00f1as","Noticias","Turismo"],"inLanguage":"es"},{"@type":"WebPage","@id":"https:\/\/www.vilademuro.net\/es\/campana-imatgen-logotipo-denominacion-de-origen-fet-a-muro\/","url":"https:\/\/www.vilademuro.net\/es\/campana-imatgen-logotipo-denominacion-de-origen-fet-a-muro\/","name":"Campa\u00f1a imatgen logotipo denominaci\u00f3n de origen \"Fet a Muro\" | Ajuntament de Muro","isPartOf":{"@id":"https:\/\/www.vilademuro.net\/es\/#website"},"primaryImageOfPage":{"@id":"https:\/\/www.vilademuro.net\/es\/campana-imatgen-logotipo-denominacion-de-origen-fet-a-muro\/#primaryimage"},"image":{"@id":"https:\/\/www.vilademuro.net\/es\/campana-imatgen-logotipo-denominacion-de-origen-fet-a-muro\/#primaryimage"},"thumbnailUrl":"https:\/\/www.vilademuro.net\/wp-content\/uploads\/2020\/06\/DEFINITIU-LOGO-FET-A-MURO-BAJA-RESOLUCION-1.jpg","datePublished":"2020-06-05T11:35:25+00:00","breadcrumb":{"@id":"https:\/\/www.vilademuro.net\/es\/campana-imatgen-logotipo-denominacion-de-origen-fet-a-muro\/#breadcrumb"},"inLanguage":"es","potentialAction":[{"@type":"ReadAction","target":["https:\/\/www.vilademuro.net\/es\/campana-imatgen-logotipo-denominacion-de-origen-fet-a-muro\/"]}]},{"@type":"ImageObject","inLanguage":"es","@id":"https:\/\/www.vilademuro.net\/es\/campana-imatgen-logotipo-denominacion-de-origen-fet-a-muro\/#primaryimage","url":"https:\/\/www.vilademuro.net\/wp-content\/uploads\/2020\/06\/DEFINITIU-LOGO-FET-A-MURO-BAJA-RESOLUCION-1.jpg","contentUrl":"https:\/\/www.vilademuro.net\/wp-content\/uploads\/2020\/06\/DEFINITIU-LOGO-FET-A-MURO-BAJA-RESOLUCION-1.jpg","width":143,"height":181},{"@type":"BreadcrumbList","@id":"https:\/\/www.vilademuro.net\/es\/campana-imatgen-logotipo-denominacion-de-origen-fet-a-muro\/#breadcrumb","itemListElement":[{"@type":"ListItem","position":1,"name":"Inici","item":"https:\/\/www.vilademuro.net\/es\/"},{"@type":"ListItem","position":2,"name":"Campa\u00f1a imatgen logotipo denominaci\u00f3n de origen &#8220;Fet a Muro&#8221;"}]},{"@type":"WebSite","@id":"https:\/\/www.vilademuro.net\/es\/#website","url":"https:\/\/www.vilademuro.net\/es\/","name":"Ajuntament de Muro d'Alcoi","description":"P\u00e1gina web oficial de l&#039;Ajuntament de Muro","publisher":{"@id":"https:\/\/www.vilademuro.net\/es\/#organization"},"potentialAction":[{"@type":"SearchAction","target":{"@type":"EntryPoint","urlTemplate":"https:\/\/www.vilademuro.net\/es\/?s={search_term_string}"},"query-input":{"@type":"PropertyValueSpecification","valueRequired":true,"valueName":"search_term_string"}}],"inLanguage":"es"},{"@type":"Organization","@id":"https:\/\/www.vilademuro.net\/es\/#organization","name":"Ajuntament de Muro","url":"https:\/\/www.vilademuro.net\/es\/","logo":{"@type":"ImageObject","inLanguage":"es","@id":"https:\/\/www.vilademuro.net\/es\/#\/schema\/logo\/image\/","url":"https:\/\/www.vilademuro.net\/wp-content\/uploads\/2022\/10\/LOGO3-2.jpg","contentUrl":"https:\/\/www.vilademuro.net\/wp-content\/uploads\/2022\/10\/LOGO3-2.jpg","width":756,"height":517,"caption":"Ajuntament de Muro"},"image":{"@id":"https:\/\/www.vilademuro.net\/es\/#\/schema\/logo\/image\/"},"sameAs":["https:\/\/www.facebook.com\/murodealcoy","https:\/\/x.com\/AjuntamentMuro","https:\/\/www.youtube.com\/channel\/UC2rwbKfRqsd1Ncwm6Y1prQw"]},{"@type":"Person","@id":"https:\/\/www.vilademuro.net\/es\/#\/schema\/person\/490023e28474c85a348e12020e2d49e2","name":"Erica Boronat","image":{"@type":"ImageObject","inLanguage":"es","@id":"https:\/\/www.vilademuro.net\/es\/#\/schema\/person\/image\/","url":"https:\/\/secure.gravatar.com\/avatar\/713e51feb29f46013b85e224b6afe7bc3dd92375ecce954eac6743fc1c5bc1b0?s=96&d=mm&r=g","contentUrl":"https:\/\/secure.gravatar.com\/avatar\/713e51feb29f46013b85e224b6afe7bc3dd92375ecce954eac6743fc1c5bc1b0?s=96&d=mm&r=g","caption":"Erica Boronat"}}]}},"_links":{"self":[{"href":"https:\/\/www.vilademuro.net\/es\/wp-json\/wp\/v2\/posts\/39182","targetHints":{"allow":["GET"]}}],"collection":[{"href":"https:\/\/www.vilademuro.net\/es\/wp-json\/wp\/v2\/posts"}],"about":[{"href":"https:\/\/www.vilademuro.net\/es\/wp-json\/wp\/v2\/types\/post"}],"author":[{"embeddable":true,"href":"https:\/\/www.vilademuro.net\/es\/wp-json\/wp\/v2\/users\/4"}],"replies":[{"embeddable":true,"href":"https:\/\/www.vilademuro.net\/es\/wp-json\/wp\/v2\/comments?post=39182"}],"version-history":[{"count":0,"href":"https:\/\/www.vilademuro.net\/es\/wp-json\/wp\/v2\/posts\/39182\/revisions"}],"wp:featuredmedia":[{"embeddable":true,"href":"https:\/\/www.vilademuro.net\/es\/wp-json\/wp\/v2\/media\/39179"}],"wp:attachment":[{"href":"https:\/\/www.vilademuro.net\/es\/wp-json\/wp\/v2\/media?parent=39182"}],"wp:term":[{"taxonomy":"category","embeddable":true,"href":"https:\/\/www.vilademuro.net\/es\/wp-json\/wp\/v2\/categories?post=39182"},{"taxonomy":"post_tag","embeddable":true,"href":"https:\/\/www.vilademuro.net\/es\/wp-json\/wp\/v2\/tags?post=39182"}],"curies":[{"name":"wp","href":"https:\/\/api.w.org\/{rel}","templated":true}]}}