{"id":38976,"date":"2020-04-28T16:06:22","date_gmt":"2020-04-28T14:06:22","guid":{"rendered":"https:\/\/www.vilademuro.net\/informacion-sobre-como-pedir-la-moratoria-de-hipoteca-o-de-alquiler-por-motivos-de-la-pandemia-covid19\/"},"modified":"2021-05-12T10:27:53","modified_gmt":"2021-05-12T08:27:53","slug":"informacion-sobre-como-pedir-la-moratoria-de-hipoteca-o-de-alquiler-por-motivos-de-la-pandemia-covid19","status":"publish","type":"post","link":"https:\/\/www.vilademuro.net\/es\/informacion-sobre-como-pedir-la-moratoria-de-hipoteca-o-de-alquiler-por-motivos-de-la-pandemia-covid19\/","title":{"rendered":"Informaci\u00f3n sobre como pedir la morat\u00f2ria de hipoteca o de alquiler por motivos  de la pandemia Covid19"},"content":{"rendered":"<p lang=\"es-ES\" align=\"justify\"><span style=\"color: #222222;\"><span style=\"font-family: Arial, sans-serif;\"><span style=\"font-size: medium;\"><u><b>ALQUILERES E HIPOTECAS<\/b><\/u><\/span><\/span><\/span><\/p>\n<p lang=\"es-ES\" align=\"justify\"><span style=\"font-family: Arial, sans-serif;\"><span style=\"font-size: medium;\"><span style=\"color: #222222;\">Los modelos que presentamos est\u00e1n dirigidos a las <\/span><span style=\"color: #222222;\"><b>personas inquilinas<\/b><\/span><span style=\"color: #222222;\"> y <\/span><span style=\"color: #222222;\"><b>deudoras de pr\u00e9stamos hipotecarios<\/b><\/span><span style=\"color: #222222;\">. Segun el Real decreto-Ley 16\/2020, de 28 de abril, de medidas procesales i organizativas para hacer frente al COVID-19 en el \u00e1mbito de la Administraci\u00f3n de Justicia, las solicitudes de moratoria podran cumplimentarse i entregarse antes del 30 de julio de 2020. Estos modelos permiten solicitar al propietario de su vivienda habitual o las entidades bancarias, reducci\u00f3n, moratoria o acuerdo relativo a los alquileres o hipotecas.<\/span> <\/span><\/span><\/p>\n<p lang=\"es-ES\" align=\"justify\"><span style=\"font-family: Arial, sans-serif;\"><span style=\"font-size: medium;\"><u><b>1.Covid Modelo <\/b><\/u><u><b>Moratoria <\/b><\/u><u><b>Gran Tenedor.<\/b><\/u><\/span><\/span><\/p>\n<p lang=\"es-ES\" align=\"justify\"><span style=\"font-family: Arial, sans-serif;\"><span style=\"font-size: medium;\"><b>P<\/b>ropietarios de m\u00e1s de 10 viviendas, donde se propone 2 opciones.<\/span><\/span><\/p>\n<p lang=\"es-ES\" align=\"justify\"><span style=\"font-family: Arial, sans-serif;\"><span style=\"font-size: medium;\"><b>A) <\/b>50% reducci\u00f3n del alquiler.<\/span><\/span><\/p>\n<p lang=\"es-ES\" align=\"justify\"><span style=\"font-family: Arial, sans-serif;\"><span style=\"font-size: medium;\"><b>B)<\/b> Moratoria pago alquiler y su fraccionamiento durante per\u00edodo m\u00e1ximo 3 a\u00f1os.<\/span><\/span><\/p>\n<p lang=\"es-ES\" align=\"justify\"><span style=\"font-family: Arial, sans-serif;\"><span style=\"font-size: medium;\"><u><b>2. Covid Modelo Moratoria peque\u00f1o tenedor.<\/b><\/u><\/span><\/span><\/p>\n<p lang=\"es-ES\" align=\"justify\"><span style=\"font-family: Arial, sans-serif;\"><span style=\"font-size: medium;\">Propietarios de menos de 10 viviendas, se propone tres opciones.<\/span><\/span><\/p>\n<p lang=\"es-ES\" align=\"justify\"><span style=\"font-family: Arial, sans-serif;\"><span style=\"font-size: medium;\"><b>A)<\/b> 50% reducci\u00f3n del alquiler.<\/span><\/span><\/p>\n<p lang=\"es-ES\" align=\"justify\"><span style=\"font-family: Arial, sans-serif;\"><span style=\"font-size: medium;\"><b>B)<\/b> Moratoria pago alquiler y su fraccionamiento durante per\u00edodo m\u00e1ximo 3 a\u00f1os.<\/span><\/span><\/p>\n<p lang=\"es-ES\" align=\"justify\"><span style=\"font-family: Arial, sans-serif;\"><span style=\"font-size: medium;\"><b>C)<\/b> Otra alternativa de fraccionamiento.<\/span><\/span><\/p>\n<p lang=\"es-ES\" align=\"justify\"><span style=\"font-family: Arial, sans-serif;\"><span style=\"font-size: medium;\"><u><b>3. Covid Modelo Moratoria pago pr\u00e9stamo hipotecario.<\/b><\/u><\/span><\/span><\/p>\n<p lang=\"es-ES\" align=\"justify\"><span style=\"font-family: Arial, sans-serif;\"><span style=\"font-size: medium;\">Dirigido a las entidades bancarias. Moratoria de pago del pr\u00e9stamo hipotecario de vivienda habitual por estar en situaci\u00f3n de vulnerabilidad econ\u00f3mica. El plazo de solicitud hasta 15 d\u00edas despu\u00e9s del estado de alarma.<\/span><\/span><\/p>\n<p lang=\"es-ES\" align=\"justify\"><span style=\"font-family: Arial, sans-serif;\"><span style=\"font-size: medium;\"><u>Para m\u00e1s informaci\u00f3n:<\/u><\/span><\/span><\/p>\n<p><span class=\"_5mfr\"><span class=\"_6qdm\">\u2139\ufe0f<\/span><\/span>\u00a0 seguir la guia de instrucciones y formulario que facilita la Conselleria d&#8217;Habitatge de la Gva\u00a0 en el siguient enlace<br \/>\n<a href=\"https:\/\/www.habitatge.gva.es\/es\/web\/vivienda-y-calidad-en-la-edificacion\/guia-per-a-garantir-el-dret-a-l-habitatge?fbclid=IwAR0epkImm5J-6vziKFgYNpBIZJF89H4QvtasjhNGMEDNXi0OMFXCDYvJsSI\" target=\"_blank\" rel=\"noopener nofollow noreferrer\" data-ft=\"{&quot;tn&quot;:&quot;-U&quot;}\" data-lynx-mode=\"async\" data-lynx-uri=\"https:\/\/l.facebook.com\/l.php?u=http%3A%2F%2Fwww.habitatge.gva.es%2Fes%2Fweb%2Fvivienda-y-calidad-en-la-edificacion%2Fguia-per-a-garantir-el-dret-a-l-habitatge%3Ffbclid%3DIwAR0epkImm5J-6vziKFgYNpBIZJF89H4QvtasjhNGMEDNXi0OMFXCDYvJsSI&amp;h=AT2lVaHcLG-iK405YSqIabgGjX0gB1_OwBW_ZYr4kKJw_WvjCV8YA5iOvnUZiLKUgi_E4mkq7pocRAhOYhP3pK9sef1HPwLWmPLxefMOQhcw6aseYgsrTsLf7DKNAupEzg6xUqokkoHr_NNOUaqSz1Cy5Q1qlzdYBz-TqWnOmSBx3GDkQ4sAHTivP1SQSOCvdqdc2RqfN8OWw5UCxe89wFudqUvjVY1TevxkfNURQQHpUSmzAfOd2mk0O6C-7YcuE8OF3hg7OFWXWUCSSKsyv1ix0HG3pam2lm2VrEZ5rwB8AmcRyW64HWt2H83ywiUtBfYt-F6wJZmIzzz8_KcMf31LA3-XaYV-NmSCCUtHblbNMGf5XbR97j1fRb_qNMSTiFp-lDnxhFY0d7m0HQ_3ckjsAhHd-ShOutMBSCk4KPaUunF_7gS9b6KDTEhmn-0xY7nLGHnzIEN9rVJFVWqiQ-oNY-qO7rr21-nZKAmHQ3n5LTDCSXPcOrhQZ-leus1sZOJJW_PSUlH0pTT0aOGzO5J19z-xLvn-GpBrBvIcvk93ICXUztAplNaIWzjgygR6D3Er6xGtgiQtQvhfZm_1NqShBbxYep4b5LdEBc3I-A\">https:\/\/www.habitatge.gva.es\/\u2026\/guia-per-a-garantir-el-dret-a\u2026<\/a><\/p>\n<p><span class=\"_5mfr\"><span class=\"_6qdm\">\u2139\ufe0f<\/span><\/span>\u00a0 Tambien puedes resolves dudas en el\u00a0 Centre Social Matzem de Muro<br \/>\n<span class=\"_5mfr\"><span class=\"_6qdm\">\u260e\ufe0f<\/span><\/span> 96 651 61 04<\/p>\n","protected":false},"excerpt":{"rendered":"<p>ALQUILERES E HIPOTECAS Los modelos que presentamos est\u00e1n dirigidos a las personas inquilinas y deudoras de pr\u00e9stamos hipotecarios. Segun el Real decreto-Ley 16\/2020, de 28 de abril, de medidas procesales [&hellip;]<\/p>\n","protected":false},"author":4,"featured_media":37887,"comment_status":"closed","ping_status":"closed","sticky":false,"template":"","format":"standard","meta":{"_et_pb_use_builder":"","_et_pb_old_content":"","_et_gb_content_width":"","footnotes":""},"categories":[49,77],"tags":[],"class_list":["post-38976","post","type-post","status-publish","format-standard","has-post-thumbnail","hentry","category-noticias","category-servicios-sociales"],"yoast_head":"<!-- This site is optimized with the Yoast SEO plugin v27.1.1 - https:\/\/yoast.com\/product\/yoast-seo-wordpress\/ -->\n<title>Informaci\u00f3n sobre como pedir la morat\u00f2ria de hipoteca o de alquiler por motivos de la pandemia Covid19 | Ajuntament de Muro<\/title>\n<meta name=\"robots\" content=\"index, follow, max-snippet:-1, max-image-preview:large, max-video-preview:-1\" \/>\n<link rel=\"canonical\" href=\"https:\/\/www.vilademuro.net\/es\/informacion-sobre-como-pedir-la-moratoria-de-hipoteca-o-de-alquiler-por-motivos-de-la-pandemia-covid19\/\" \/>\n<meta property=\"og:locale\" content=\"es_ES\" \/>\n<meta property=\"og:type\" content=\"article\" \/>\n<meta property=\"og:title\" content=\"Informaci\u00f3n sobre como pedir la morat\u00f2ria de hipoteca o de alquiler por motivos de la pandemia Covid19 | Ajuntament de Muro\" \/>\n<meta property=\"og:description\" content=\"ALQUILERES E HIPOTECAS Los modelos que presentamos est\u00e1n dirigidos a las personas inquilinas y deudoras de pr\u00e9stamos hipotecarios. Segun el Real decreto-Ley 16\/2020, de 28 de abril, de medidas procesales [&hellip;]\" \/>\n<meta property=\"og:url\" content=\"https:\/\/www.vilademuro.net\/es\/informacion-sobre-como-pedir-la-moratoria-de-hipoteca-o-de-alquiler-por-motivos-de-la-pandemia-covid19\/\" \/>\n<meta property=\"og:site_name\" content=\"Ajuntament de Muro\" \/>\n<meta property=\"article:publisher\" content=\"https:\/\/www.facebook.com\/murodealcoy\" \/>\n<meta property=\"article:published_time\" content=\"2020-04-28T14:06:22+00:00\" \/>\n<meta property=\"article:modified_time\" content=\"2021-05-12T08:27:53+00:00\" \/>\n<meta property=\"og:image\" content=\"https:\/\/www.vilademuro.net\/wp-content\/uploads\/2020\/04\/logo-entrades-instruccions-1.jpg\" \/>\n\t<meta property=\"og:image:width\" content=\"200\" \/>\n\t<meta property=\"og:image:height\" content=\"200\" \/>\n\t<meta property=\"og:image:type\" content=\"image\/jpeg\" \/>\n<meta name=\"author\" content=\"Erica Boronat\" \/>\n<meta name=\"twitter:card\" content=\"summary_large_image\" \/>\n<meta name=\"twitter:creator\" content=\"@AjuntamentMuro\" \/>\n<meta name=\"twitter:site\" content=\"@AjuntamentMuro\" \/>\n<meta name=\"twitter:label1\" content=\"Escrito por\" \/>\n\t<meta name=\"twitter:data1\" content=\"Erica Boronat\" \/>\n\t<meta name=\"twitter:label2\" content=\"Tiempo de lectura\" \/>\n\t<meta name=\"twitter:data2\" content=\"1 minuto\" \/>\n<script type=\"application\/ld+json\" class=\"yoast-schema-graph\">{\"@context\":\"https:\/\/schema.org\",\"@graph\":[{\"@type\":\"Article\",\"@id\":\"https:\/\/www.vilademuro.net\/es\/informacion-sobre-como-pedir-la-moratoria-de-hipoteca-o-de-alquiler-por-motivos-de-la-pandemia-covid19\/#article\",\"isPartOf\":{\"@id\":\"https:\/\/www.vilademuro.net\/es\/informacion-sobre-como-pedir-la-moratoria-de-hipoteca-o-de-alquiler-por-motivos-de-la-pandemia-covid19\/\"},\"author\":{\"name\":\"Erica Boronat\",\"@id\":\"https:\/\/www.vilademuro.net\/es\/#\/schema\/person\/490023e28474c85a348e12020e2d49e2\"},\"headline\":\"Informaci\u00f3n sobre como pedir la morat\u00f2ria de hipoteca o de alquiler por motivos de la pandemia Covid19\",\"datePublished\":\"2020-04-28T14:06:22+00:00\",\"dateModified\":\"2021-05-12T08:27:53+00:00\",\"mainEntityOfPage\":{\"@id\":\"https:\/\/www.vilademuro.net\/es\/informacion-sobre-como-pedir-la-moratoria-de-hipoteca-o-de-alquiler-por-motivos-de-la-pandemia-covid19\/\"},\"wordCount\":262,\"publisher\":{\"@id\":\"https:\/\/www.vilademuro.net\/es\/#organization\"},\"image\":{\"@id\":\"https:\/\/www.vilademuro.net\/es\/informacion-sobre-como-pedir-la-moratoria-de-hipoteca-o-de-alquiler-por-motivos-de-la-pandemia-covid19\/#primaryimage\"},\"thumbnailUrl\":\"https:\/\/www.vilademuro.net\/wp-content\/uploads\/2020\/04\/logo-entrades-instruccions-1.jpg\",\"articleSection\":[\"Noticias\",\"Servicios sociales\"],\"inLanguage\":\"es\"},{\"@type\":\"WebPage\",\"@id\":\"https:\/\/www.vilademuro.net\/es\/informacion-sobre-como-pedir-la-moratoria-de-hipoteca-o-de-alquiler-por-motivos-de-la-pandemia-covid19\/\",\"url\":\"https:\/\/www.vilademuro.net\/es\/informacion-sobre-como-pedir-la-moratoria-de-hipoteca-o-de-alquiler-por-motivos-de-la-pandemia-covid19\/\",\"name\":\"Informaci\u00f3n sobre como pedir la morat\u00f2ria de hipoteca o de alquiler por motivos de la pandemia Covid19 | Ajuntament de Muro\",\"isPartOf\":{\"@id\":\"https:\/\/www.vilademuro.net\/es\/#website\"},\"primaryImageOfPage\":{\"@id\":\"https:\/\/www.vilademuro.net\/es\/informacion-sobre-como-pedir-la-moratoria-de-hipoteca-o-de-alquiler-por-motivos-de-la-pandemia-covid19\/#primaryimage\"},\"image\":{\"@id\":\"https:\/\/www.vilademuro.net\/es\/informacion-sobre-como-pedir-la-moratoria-de-hipoteca-o-de-alquiler-por-motivos-de-la-pandemia-covid19\/#primaryimage\"},\"thumbnailUrl\":\"https:\/\/www.vilademuro.net\/wp-content\/uploads\/2020\/04\/logo-entrades-instruccions-1.jpg\",\"datePublished\":\"2020-04-28T14:06:22+00:00\",\"dateModified\":\"2021-05-12T08:27:53+00:00\",\"breadcrumb\":{\"@id\":\"https:\/\/www.vilademuro.net\/es\/informacion-sobre-como-pedir-la-moratoria-de-hipoteca-o-de-alquiler-por-motivos-de-la-pandemia-covid19\/#breadcrumb\"},\"inLanguage\":\"es\",\"potentialAction\":[{\"@type\":\"ReadAction\",\"target\":[\"https:\/\/www.vilademuro.net\/es\/informacion-sobre-como-pedir-la-moratoria-de-hipoteca-o-de-alquiler-por-motivos-de-la-pandemia-covid19\/\"]}]},{\"@type\":\"ImageObject\",\"inLanguage\":\"es\",\"@id\":\"https:\/\/www.vilademuro.net\/es\/informacion-sobre-como-pedir-la-moratoria-de-hipoteca-o-de-alquiler-por-motivos-de-la-pandemia-covid19\/#primaryimage\",\"url\":\"https:\/\/www.vilademuro.net\/wp-content\/uploads\/2020\/04\/logo-entrades-instruccions-1.jpg\",\"contentUrl\":\"https:\/\/www.vilademuro.net\/wp-content\/uploads\/2020\/04\/logo-entrades-instruccions-1.jpg\",\"width\":200,\"height\":200},{\"@type\":\"BreadcrumbList\",\"@id\":\"https:\/\/www.vilademuro.net\/es\/informacion-sobre-como-pedir-la-moratoria-de-hipoteca-o-de-alquiler-por-motivos-de-la-pandemia-covid19\/#breadcrumb\",\"itemListElement\":[{\"@type\":\"ListItem\",\"position\":1,\"name\":\"Inici\",\"item\":\"https:\/\/www.vilademuro.net\/es\/\"},{\"@type\":\"ListItem\",\"position\":2,\"name\":\"Informaci\u00f3n sobre como pedir la morat\u00f2ria de hipoteca o de alquiler por motivos de la pandemia Covid19\"}]},{\"@type\":\"WebSite\",\"@id\":\"https:\/\/www.vilademuro.net\/es\/#website\",\"url\":\"https:\/\/www.vilademuro.net\/es\/\",\"name\":\"Ajuntament de Muro d'Alcoi\",\"description\":\"P\u00e1gina web oficial de l&#039;Ajuntament de Muro\",\"publisher\":{\"@id\":\"https:\/\/www.vilademuro.net\/es\/#organization\"},\"potentialAction\":[{\"@type\":\"SearchAction\",\"target\":{\"@type\":\"EntryPoint\",\"urlTemplate\":\"https:\/\/www.vilademuro.net\/es\/?s={search_term_string}\"},\"query-input\":{\"@type\":\"PropertyValueSpecification\",\"valueRequired\":true,\"valueName\":\"search_term_string\"}}],\"inLanguage\":\"es\"},{\"@type\":\"Organization\",\"@id\":\"https:\/\/www.vilademuro.net\/es\/#organization\",\"name\":\"Ajuntament de Muro\",\"url\":\"https:\/\/www.vilademuro.net\/es\/\",\"logo\":{\"@type\":\"ImageObject\",\"inLanguage\":\"es\",\"@id\":\"https:\/\/www.vilademuro.net\/es\/#\/schema\/logo\/image\/\",\"url\":\"https:\/\/www.vilademuro.net\/wp-content\/uploads\/2022\/10\/LOGO3-2.jpg\",\"contentUrl\":\"https:\/\/www.vilademuro.net\/wp-content\/uploads\/2022\/10\/LOGO3-2.jpg\",\"width\":756,\"height\":517,\"caption\":\"Ajuntament de Muro\"},\"image\":{\"@id\":\"https:\/\/www.vilademuro.net\/es\/#\/schema\/logo\/image\/\"},\"sameAs\":[\"https:\/\/www.facebook.com\/murodealcoy\",\"https:\/\/x.com\/AjuntamentMuro\",\"https:\/\/www.youtube.com\/channel\/UC2rwbKfRqsd1Ncwm6Y1prQw\"]},{\"@type\":\"Person\",\"@id\":\"https:\/\/www.vilademuro.net\/es\/#\/schema\/person\/490023e28474c85a348e12020e2d49e2\",\"name\":\"Erica Boronat\",\"image\":{\"@type\":\"ImageObject\",\"inLanguage\":\"es\",\"@id\":\"https:\/\/www.vilademuro.net\/es\/#\/schema\/person\/image\/\",\"url\":\"https:\/\/secure.gravatar.com\/avatar\/713e51feb29f46013b85e224b6afe7bc3dd92375ecce954eac6743fc1c5bc1b0?s=96&d=mm&r=g\",\"contentUrl\":\"https:\/\/secure.gravatar.com\/avatar\/713e51feb29f46013b85e224b6afe7bc3dd92375ecce954eac6743fc1c5bc1b0?s=96&d=mm&r=g\",\"caption\":\"Erica Boronat\"}}]}<\/script>\n<!-- \/ Yoast SEO plugin. -->","yoast_head_json":{"title":"Informaci\u00f3n sobre como pedir la morat\u00f2ria de hipoteca o de alquiler por motivos de la pandemia Covid19 | Ajuntament de Muro","robots":{"index":"index","follow":"follow","max-snippet":"max-snippet:-1","max-image-preview":"max-image-preview:large","max-video-preview":"max-video-preview:-1"},"canonical":"https:\/\/www.vilademuro.net\/es\/informacion-sobre-como-pedir-la-moratoria-de-hipoteca-o-de-alquiler-por-motivos-de-la-pandemia-covid19\/","og_locale":"es_ES","og_type":"article","og_title":"Informaci\u00f3n sobre como pedir la morat\u00f2ria de hipoteca o de alquiler por motivos de la pandemia Covid19 | Ajuntament de Muro","og_description":"ALQUILERES E HIPOTECAS Los modelos que presentamos est\u00e1n dirigidos a las personas inquilinas y deudoras de pr\u00e9stamos hipotecarios. Segun el Real decreto-Ley 16\/2020, de 28 de abril, de medidas procesales [&hellip;]","og_url":"https:\/\/www.vilademuro.net\/es\/informacion-sobre-como-pedir-la-moratoria-de-hipoteca-o-de-alquiler-por-motivos-de-la-pandemia-covid19\/","og_site_name":"Ajuntament de Muro","article_publisher":"https:\/\/www.facebook.com\/murodealcoy","article_published_time":"2020-04-28T14:06:22+00:00","article_modified_time":"2021-05-12T08:27:53+00:00","og_image":[{"width":200,"height":200,"url":"https:\/\/www.vilademuro.net\/wp-content\/uploads\/2020\/04\/logo-entrades-instruccions-1.jpg","type":"image\/jpeg"}],"author":"Erica Boronat","twitter_card":"summary_large_image","twitter_creator":"@AjuntamentMuro","twitter_site":"@AjuntamentMuro","twitter_misc":{"Escrito por":"Erica Boronat","Tiempo de lectura":"1 minuto"},"schema":{"@context":"https:\/\/schema.org","@graph":[{"@type":"Article","@id":"https:\/\/www.vilademuro.net\/es\/informacion-sobre-como-pedir-la-moratoria-de-hipoteca-o-de-alquiler-por-motivos-de-la-pandemia-covid19\/#article","isPartOf":{"@id":"https:\/\/www.vilademuro.net\/es\/informacion-sobre-como-pedir-la-moratoria-de-hipoteca-o-de-alquiler-por-motivos-de-la-pandemia-covid19\/"},"author":{"name":"Erica Boronat","@id":"https:\/\/www.vilademuro.net\/es\/#\/schema\/person\/490023e28474c85a348e12020e2d49e2"},"headline":"Informaci\u00f3n sobre como pedir la morat\u00f2ria de hipoteca o de alquiler por motivos de la pandemia Covid19","datePublished":"2020-04-28T14:06:22+00:00","dateModified":"2021-05-12T08:27:53+00:00","mainEntityOfPage":{"@id":"https:\/\/www.vilademuro.net\/es\/informacion-sobre-como-pedir-la-moratoria-de-hipoteca-o-de-alquiler-por-motivos-de-la-pandemia-covid19\/"},"wordCount":262,"publisher":{"@id":"https:\/\/www.vilademuro.net\/es\/#organization"},"image":{"@id":"https:\/\/www.vilademuro.net\/es\/informacion-sobre-como-pedir-la-moratoria-de-hipoteca-o-de-alquiler-por-motivos-de-la-pandemia-covid19\/#primaryimage"},"thumbnailUrl":"https:\/\/www.vilademuro.net\/wp-content\/uploads\/2020\/04\/logo-entrades-instruccions-1.jpg","articleSection":["Noticias","Servicios sociales"],"inLanguage":"es"},{"@type":"WebPage","@id":"https:\/\/www.vilademuro.net\/es\/informacion-sobre-como-pedir-la-moratoria-de-hipoteca-o-de-alquiler-por-motivos-de-la-pandemia-covid19\/","url":"https:\/\/www.vilademuro.net\/es\/informacion-sobre-como-pedir-la-moratoria-de-hipoteca-o-de-alquiler-por-motivos-de-la-pandemia-covid19\/","name":"Informaci\u00f3n sobre como pedir la morat\u00f2ria de hipoteca o de alquiler por motivos de la pandemia Covid19 | Ajuntament de Muro","isPartOf":{"@id":"https:\/\/www.vilademuro.net\/es\/#website"},"primaryImageOfPage":{"@id":"https:\/\/www.vilademuro.net\/es\/informacion-sobre-como-pedir-la-moratoria-de-hipoteca-o-de-alquiler-por-motivos-de-la-pandemia-covid19\/#primaryimage"},"image":{"@id":"https:\/\/www.vilademuro.net\/es\/informacion-sobre-como-pedir-la-moratoria-de-hipoteca-o-de-alquiler-por-motivos-de-la-pandemia-covid19\/#primaryimage"},"thumbnailUrl":"https:\/\/www.vilademuro.net\/wp-content\/uploads\/2020\/04\/logo-entrades-instruccions-1.jpg","datePublished":"2020-04-28T14:06:22+00:00","dateModified":"2021-05-12T08:27:53+00:00","breadcrumb":{"@id":"https:\/\/www.vilademuro.net\/es\/informacion-sobre-como-pedir-la-moratoria-de-hipoteca-o-de-alquiler-por-motivos-de-la-pandemia-covid19\/#breadcrumb"},"inLanguage":"es","potentialAction":[{"@type":"ReadAction","target":["https:\/\/www.vilademuro.net\/es\/informacion-sobre-como-pedir-la-moratoria-de-hipoteca-o-de-alquiler-por-motivos-de-la-pandemia-covid19\/"]}]},{"@type":"ImageObject","inLanguage":"es","@id":"https:\/\/www.vilademuro.net\/es\/informacion-sobre-como-pedir-la-moratoria-de-hipoteca-o-de-alquiler-por-motivos-de-la-pandemia-covid19\/#primaryimage","url":"https:\/\/www.vilademuro.net\/wp-content\/uploads\/2020\/04\/logo-entrades-instruccions-1.jpg","contentUrl":"https:\/\/www.vilademuro.net\/wp-content\/uploads\/2020\/04\/logo-entrades-instruccions-1.jpg","width":200,"height":200},{"@type":"BreadcrumbList","@id":"https:\/\/www.vilademuro.net\/es\/informacion-sobre-como-pedir-la-moratoria-de-hipoteca-o-de-alquiler-por-motivos-de-la-pandemia-covid19\/#breadcrumb","itemListElement":[{"@type":"ListItem","position":1,"name":"Inici","item":"https:\/\/www.vilademuro.net\/es\/"},{"@type":"ListItem","position":2,"name":"Informaci\u00f3n sobre como pedir la morat\u00f2ria de hipoteca o de alquiler por motivos de la pandemia Covid19"}]},{"@type":"WebSite","@id":"https:\/\/www.vilademuro.net\/es\/#website","url":"https:\/\/www.vilademuro.net\/es\/","name":"Ajuntament de Muro d'Alcoi","description":"P\u00e1gina web oficial de l&#039;Ajuntament de Muro","publisher":{"@id":"https:\/\/www.vilademuro.net\/es\/#organization"},"potentialAction":[{"@type":"SearchAction","target":{"@type":"EntryPoint","urlTemplate":"https:\/\/www.vilademuro.net\/es\/?s={search_term_string}"},"query-input":{"@type":"PropertyValueSpecification","valueRequired":true,"valueName":"search_term_string"}}],"inLanguage":"es"},{"@type":"Organization","@id":"https:\/\/www.vilademuro.net\/es\/#organization","name":"Ajuntament de Muro","url":"https:\/\/www.vilademuro.net\/es\/","logo":{"@type":"ImageObject","inLanguage":"es","@id":"https:\/\/www.vilademuro.net\/es\/#\/schema\/logo\/image\/","url":"https:\/\/www.vilademuro.net\/wp-content\/uploads\/2022\/10\/LOGO3-2.jpg","contentUrl":"https:\/\/www.vilademuro.net\/wp-content\/uploads\/2022\/10\/LOGO3-2.jpg","width":756,"height":517,"caption":"Ajuntament de Muro"},"image":{"@id":"https:\/\/www.vilademuro.net\/es\/#\/schema\/logo\/image\/"},"sameAs":["https:\/\/www.facebook.com\/murodealcoy","https:\/\/x.com\/AjuntamentMuro","https:\/\/www.youtube.com\/channel\/UC2rwbKfRqsd1Ncwm6Y1prQw"]},{"@type":"Person","@id":"https:\/\/www.vilademuro.net\/es\/#\/schema\/person\/490023e28474c85a348e12020e2d49e2","name":"Erica Boronat","image":{"@type":"ImageObject","inLanguage":"es","@id":"https:\/\/www.vilademuro.net\/es\/#\/schema\/person\/image\/","url":"https:\/\/secure.gravatar.com\/avatar\/713e51feb29f46013b85e224b6afe7bc3dd92375ecce954eac6743fc1c5bc1b0?s=96&d=mm&r=g","contentUrl":"https:\/\/secure.gravatar.com\/avatar\/713e51feb29f46013b85e224b6afe7bc3dd92375ecce954eac6743fc1c5bc1b0?s=96&d=mm&r=g","caption":"Erica Boronat"}}]}},"_links":{"self":[{"href":"https:\/\/www.vilademuro.net\/es\/wp-json\/wp\/v2\/posts\/38976","targetHints":{"allow":["GET"]}}],"collection":[{"href":"https:\/\/www.vilademuro.net\/es\/wp-json\/wp\/v2\/posts"}],"about":[{"href":"https:\/\/www.vilademuro.net\/es\/wp-json\/wp\/v2\/types\/post"}],"author":[{"embeddable":true,"href":"https:\/\/www.vilademuro.net\/es\/wp-json\/wp\/v2\/users\/4"}],"replies":[{"embeddable":true,"href":"https:\/\/www.vilademuro.net\/es\/wp-json\/wp\/v2\/comments?post=38976"}],"version-history":[{"count":0,"href":"https:\/\/www.vilademuro.net\/es\/wp-json\/wp\/v2\/posts\/38976\/revisions"}],"wp:featuredmedia":[{"embeddable":true,"href":"https:\/\/www.vilademuro.net\/es\/wp-json\/wp\/v2\/media\/37887"}],"wp:attachment":[{"href":"https:\/\/www.vilademuro.net\/es\/wp-json\/wp\/v2\/media?parent=38976"}],"wp:term":[{"taxonomy":"category","embeddable":true,"href":"https:\/\/www.vilademuro.net\/es\/wp-json\/wp\/v2\/categories?post=38976"},{"taxonomy":"post_tag","embeddable":true,"href":"https:\/\/www.vilademuro.net\/es\/wp-json\/wp\/v2\/tags?post=38976"}],"curies":[{"name":"wp","href":"https:\/\/api.w.org\/{rel}","templated":true}]}}