{"id":38271,"date":"2020-04-08T09:40:38","date_gmt":"2020-04-08T07:40:38","guid":{"rendered":"https:\/\/www.vilademuro.net\/responsabilidad-con-tu-mascota\/"},"modified":"2020-04-08T10:21:55","modified_gmt":"2020-04-08T08:21:55","slug":"responsabilidad-con-tu-mascota","status":"publish","type":"post","link":"https:\/\/www.vilademuro.net\/es\/responsabilidad-con-tu-mascota\/","title":{"rendered":"Responsabilidad con tu mascota"},"content":{"rendered":"<p class=\"western\" lang=\"ca-ES\" style=\"text-align: left;\" align=\"justify\"><span style=\"font-family: Arial, sans-serif;\"><span style=\"font-size: medium;\"><img loading=\"lazy\" decoding=\"async\" class=\"wp-image-38266 aligncenter\" src=\"https:\/\/www.vilademuro.net\/wp-content\/uploads\/2020\/04\/cartell-campanya-muro-1024x576.jpg\" alt=\"\" width=\"391\" height=\"220\" \/><\/span><\/span><\/p>\n<p lang=\"ca-ES\" align=\"justify\"><img loading=\"lazy\" decoding=\"async\" class=\"wp-image-38268 aligncenter\" src=\"https:\/\/www.vilademuro.net\/wp-content\/uploads\/2020\/04\/cartell-pipi.png\" alt=\"\" width=\"396\" height=\"206\" srcset=\"https:\/\/www.vilademuro.net\/wp-content\/uploads\/2020\/04\/cartell-pipi.png 322w, https:\/\/www.vilademuro.net\/wp-content\/uploads\/2020\/04\/cartell-pipi-300x157.png 300w\" sizes=\"(max-width: 396px) 100vw, 396px\" \/><\/p>\n<p id=\"tw-target-text\" class=\"tw-data-text tw-text-large tw-ta\" dir=\"ltr\" data-placeholder=\"Traducci\u00f3n\"><span lang=\"es\" style=\"font-family: arial, helvetica, sans-serif; font-size: 12pt;\">Eres responsable con tu mascota? <\/span><\/p>\n<p class=\"tw-data-text tw-text-large tw-ta\" dir=\"ltr\" data-placeholder=\"Traducci\u00f3n\"><span lang=\"es\" style=\"font-family: arial, helvetica, sans-serif; font-size: 12pt;\">Os recordamos que es vuestra responsabilidad recoger sus deposiciones en las v\u00edas p\u00fablicas y que la multa por incumplimiento, seg\u00fan la Ordenanza de Limpieza Viaria, puede ser hasta 500 \u20ac. <\/span><\/p>\n<p class=\"tw-data-text tw-text-large tw-ta\" dir=\"ltr\" data-placeholder=\"Traducci\u00f3n\"><span lang=\"es\" style=\"font-family: arial, helvetica, sans-serif; font-size: 12pt;\">Asimismo, os recomendamos que vay\u00e1is provistos con una botella de agua mezclada con jab\u00f3n para minimizar los efectos de las micciones sobre el mobiliario urbano, veh\u00edculos, edificios y especies vegetales. <\/span><\/p>\n<p class=\"tw-data-text tw-text-large tw-ta\" dir=\"ltr\" data-placeholder=\"Traducci\u00f3n\"><span lang=\"es\" style=\"font-family: arial, helvetica, sans-serif; font-size: 12pt;\">Necesitamos la colaboraci\u00f3n de toda la ciudadan\u00eda para mantener limpios los espacios p\u00fablicos y ayudar a los servicios de limpieza y recogida de residuos, los cuales est\u00e1n haciendo un gran esfuerzo, para desinfectar los espacios comunes y evitar as\u00ed la propagaci\u00f3n del Coronavirus.<\/span><\/p>\n","protected":false},"excerpt":{"rendered":"<p>Eres responsable con tu mascota? Os recordamos que es vuestra responsabilidad recoger sus deposiciones en las v\u00edas p\u00fablicas y que la multa por incumplimiento, seg\u00fan la Ordenanza de Limpieza Viaria, [&hellip;]<\/p>\n","protected":false},"author":4,"featured_media":38267,"comment_status":"closed","ping_status":"closed","sticky":false,"template":"","format":"standard","meta":{"_et_pb_use_builder":"","_et_pb_old_content":"","_et_gb_content_width":"","footnotes":""},"categories":[72,49,76],"tags":[],"class_list":["post-38271","post","type-post","status-publish","format-standard","has-post-thumbnail","hentry","category-medio-ambiente","category-noticias","category-servicios-municipales"],"yoast_head":"<!-- This site is optimized with the Yoast SEO plugin v27.1.1 - https:\/\/yoast.com\/product\/yoast-seo-wordpress\/ -->\n<title>Responsabilidad con tu mascota | Ajuntament de Muro<\/title>\n<meta name=\"robots\" content=\"index, follow, max-snippet:-1, max-image-preview:large, max-video-preview:-1\" \/>\n<link rel=\"canonical\" href=\"https:\/\/www.vilademuro.net\/es\/responsabilidad-con-tu-mascota\/\" \/>\n<meta property=\"og:locale\" content=\"es_ES\" \/>\n<meta property=\"og:type\" content=\"article\" \/>\n<meta property=\"og:title\" content=\"Responsabilidad con tu mascota | Ajuntament de Muro\" \/>\n<meta property=\"og:description\" content=\"Eres responsable con tu mascota? Os recordamos que es vuestra responsabilidad recoger sus deposiciones en las v\u00edas p\u00fablicas y que la multa por incumplimiento, seg\u00fan la Ordenanza de Limpieza Viaria, [&hellip;]\" \/>\n<meta property=\"og:url\" content=\"https:\/\/www.vilademuro.net\/es\/responsabilidad-con-tu-mascota\/\" \/>\n<meta property=\"og:site_name\" content=\"Ajuntament de Muro\" \/>\n<meta property=\"article:publisher\" content=\"https:\/\/www.facebook.com\/murodealcoy\" \/>\n<meta property=\"article:published_time\" content=\"2020-04-08T07:40:38+00:00\" \/>\n<meta property=\"article:modified_time\" content=\"2020-04-08T08:21:55+00:00\" \/>\n<meta property=\"og:image\" content=\"https:\/\/www.vilademuro.net\/wp-content\/uploads\/2020\/04\/cartell-campanya-muro.jpg\" \/>\n\t<meta property=\"og:image:width\" content=\"1600\" \/>\n\t<meta property=\"og:image:height\" content=\"900\" \/>\n\t<meta property=\"og:image:type\" content=\"image\/jpeg\" \/>\n<meta name=\"author\" content=\"Erica Boronat\" \/>\n<meta name=\"twitter:card\" content=\"summary_large_image\" \/>\n<meta name=\"twitter:creator\" content=\"@AjuntamentMuro\" \/>\n<meta name=\"twitter:site\" content=\"@AjuntamentMuro\" \/>\n<meta name=\"twitter:label1\" content=\"Escrito por\" \/>\n\t<meta name=\"twitter:data1\" content=\"Erica Boronat\" \/>\n\t<meta name=\"twitter:label2\" content=\"Tiempo de lectura\" \/>\n\t<meta name=\"twitter:data2\" content=\"1 minuto\" \/>\n<script type=\"application\/ld+json\" class=\"yoast-schema-graph\">{\"@context\":\"https:\/\/schema.org\",\"@graph\":[{\"@type\":\"Article\",\"@id\":\"https:\/\/www.vilademuro.net\/es\/responsabilidad-con-tu-mascota\/#article\",\"isPartOf\":{\"@id\":\"https:\/\/www.vilademuro.net\/es\/responsabilidad-con-tu-mascota\/\"},\"author\":{\"name\":\"Erica Boronat\",\"@id\":\"https:\/\/www.vilademuro.net\/es\/#\/schema\/person\/490023e28474c85a348e12020e2d49e2\"},\"headline\":\"Responsabilidad con tu mascota\",\"datePublished\":\"2020-04-08T07:40:38+00:00\",\"dateModified\":\"2020-04-08T08:21:55+00:00\",\"mainEntityOfPage\":{\"@id\":\"https:\/\/www.vilademuro.net\/es\/responsabilidad-con-tu-mascota\/\"},\"wordCount\":121,\"publisher\":{\"@id\":\"https:\/\/www.vilademuro.net\/es\/#organization\"},\"image\":{\"@id\":\"https:\/\/www.vilademuro.net\/es\/responsabilidad-con-tu-mascota\/#primaryimage\"},\"thumbnailUrl\":\"https:\/\/www.vilademuro.net\/wp-content\/uploads\/2020\/04\/cartell-campanya-muro.jpg\",\"articleSection\":[\"Medio Ambiente\",\"Noticias\",\"Servicios Municipales\"],\"inLanguage\":\"es\"},{\"@type\":\"WebPage\",\"@id\":\"https:\/\/www.vilademuro.net\/es\/responsabilidad-con-tu-mascota\/\",\"url\":\"https:\/\/www.vilademuro.net\/es\/responsabilidad-con-tu-mascota\/\",\"name\":\"Responsabilidad con tu mascota | Ajuntament de Muro\",\"isPartOf\":{\"@id\":\"https:\/\/www.vilademuro.net\/es\/#website\"},\"primaryImageOfPage\":{\"@id\":\"https:\/\/www.vilademuro.net\/es\/responsabilidad-con-tu-mascota\/#primaryimage\"},\"image\":{\"@id\":\"https:\/\/www.vilademuro.net\/es\/responsabilidad-con-tu-mascota\/#primaryimage\"},\"thumbnailUrl\":\"https:\/\/www.vilademuro.net\/wp-content\/uploads\/2020\/04\/cartell-campanya-muro.jpg\",\"datePublished\":\"2020-04-08T07:40:38+00:00\",\"dateModified\":\"2020-04-08T08:21:55+00:00\",\"breadcrumb\":{\"@id\":\"https:\/\/www.vilademuro.net\/es\/responsabilidad-con-tu-mascota\/#breadcrumb\"},\"inLanguage\":\"es\",\"potentialAction\":[{\"@type\":\"ReadAction\",\"target\":[\"https:\/\/www.vilademuro.net\/es\/responsabilidad-con-tu-mascota\/\"]}]},{\"@type\":\"ImageObject\",\"inLanguage\":\"es\",\"@id\":\"https:\/\/www.vilademuro.net\/es\/responsabilidad-con-tu-mascota\/#primaryimage\",\"url\":\"https:\/\/www.vilademuro.net\/wp-content\/uploads\/2020\/04\/cartell-campanya-muro.jpg\",\"contentUrl\":\"https:\/\/www.vilademuro.net\/wp-content\/uploads\/2020\/04\/cartell-campanya-muro.jpg\",\"width\":1600,\"height\":900},{\"@type\":\"BreadcrumbList\",\"@id\":\"https:\/\/www.vilademuro.net\/es\/responsabilidad-con-tu-mascota\/#breadcrumb\",\"itemListElement\":[{\"@type\":\"ListItem\",\"position\":1,\"name\":\"Inici\",\"item\":\"https:\/\/www.vilademuro.net\/es\/\"},{\"@type\":\"ListItem\",\"position\":2,\"name\":\"Responsabilidad con tu mascota\"}]},{\"@type\":\"WebSite\",\"@id\":\"https:\/\/www.vilademuro.net\/es\/#website\",\"url\":\"https:\/\/www.vilademuro.net\/es\/\",\"name\":\"Ajuntament de Muro d'Alcoi\",\"description\":\"P\u00e1gina web oficial de l&#039;Ajuntament de Muro\",\"publisher\":{\"@id\":\"https:\/\/www.vilademuro.net\/es\/#organization\"},\"potentialAction\":[{\"@type\":\"SearchAction\",\"target\":{\"@type\":\"EntryPoint\",\"urlTemplate\":\"https:\/\/www.vilademuro.net\/es\/?s={search_term_string}\"},\"query-input\":{\"@type\":\"PropertyValueSpecification\",\"valueRequired\":true,\"valueName\":\"search_term_string\"}}],\"inLanguage\":\"es\"},{\"@type\":\"Organization\",\"@id\":\"https:\/\/www.vilademuro.net\/es\/#organization\",\"name\":\"Ajuntament de Muro\",\"url\":\"https:\/\/www.vilademuro.net\/es\/\",\"logo\":{\"@type\":\"ImageObject\",\"inLanguage\":\"es\",\"@id\":\"https:\/\/www.vilademuro.net\/es\/#\/schema\/logo\/image\/\",\"url\":\"https:\/\/www.vilademuro.net\/wp-content\/uploads\/2022\/10\/LOGO3-2.jpg\",\"contentUrl\":\"https:\/\/www.vilademuro.net\/wp-content\/uploads\/2022\/10\/LOGO3-2.jpg\",\"width\":756,\"height\":517,\"caption\":\"Ajuntament de Muro\"},\"image\":{\"@id\":\"https:\/\/www.vilademuro.net\/es\/#\/schema\/logo\/image\/\"},\"sameAs\":[\"https:\/\/www.facebook.com\/murodealcoy\",\"https:\/\/x.com\/AjuntamentMuro\",\"https:\/\/www.youtube.com\/channel\/UC2rwbKfRqsd1Ncwm6Y1prQw\"]},{\"@type\":\"Person\",\"@id\":\"https:\/\/www.vilademuro.net\/es\/#\/schema\/person\/490023e28474c85a348e12020e2d49e2\",\"name\":\"Erica Boronat\",\"image\":{\"@type\":\"ImageObject\",\"inLanguage\":\"es\",\"@id\":\"https:\/\/www.vilademuro.net\/es\/#\/schema\/person\/image\/\",\"url\":\"https:\/\/secure.gravatar.com\/avatar\/713e51feb29f46013b85e224b6afe7bc3dd92375ecce954eac6743fc1c5bc1b0?s=96&d=mm&r=g\",\"contentUrl\":\"https:\/\/secure.gravatar.com\/avatar\/713e51feb29f46013b85e224b6afe7bc3dd92375ecce954eac6743fc1c5bc1b0?s=96&d=mm&r=g\",\"caption\":\"Erica Boronat\"}}]}<\/script>\n<!-- \/ Yoast SEO plugin. -->","yoast_head_json":{"title":"Responsabilidad con tu mascota | Ajuntament de Muro","robots":{"index":"index","follow":"follow","max-snippet":"max-snippet:-1","max-image-preview":"max-image-preview:large","max-video-preview":"max-video-preview:-1"},"canonical":"https:\/\/www.vilademuro.net\/es\/responsabilidad-con-tu-mascota\/","og_locale":"es_ES","og_type":"article","og_title":"Responsabilidad con tu mascota | Ajuntament de Muro","og_description":"Eres responsable con tu mascota? Os recordamos que es vuestra responsabilidad recoger sus deposiciones en las v\u00edas p\u00fablicas y que la multa por incumplimiento, seg\u00fan la Ordenanza de Limpieza Viaria, [&hellip;]","og_url":"https:\/\/www.vilademuro.net\/es\/responsabilidad-con-tu-mascota\/","og_site_name":"Ajuntament de Muro","article_publisher":"https:\/\/www.facebook.com\/murodealcoy","article_published_time":"2020-04-08T07:40:38+00:00","article_modified_time":"2020-04-08T08:21:55+00:00","og_image":[{"width":1600,"height":900,"url":"https:\/\/www.vilademuro.net\/wp-content\/uploads\/2020\/04\/cartell-campanya-muro.jpg","type":"image\/jpeg"}],"author":"Erica Boronat","twitter_card":"summary_large_image","twitter_creator":"@AjuntamentMuro","twitter_site":"@AjuntamentMuro","twitter_misc":{"Escrito por":"Erica Boronat","Tiempo de lectura":"1 minuto"},"schema":{"@context":"https:\/\/schema.org","@graph":[{"@type":"Article","@id":"https:\/\/www.vilademuro.net\/es\/responsabilidad-con-tu-mascota\/#article","isPartOf":{"@id":"https:\/\/www.vilademuro.net\/es\/responsabilidad-con-tu-mascota\/"},"author":{"name":"Erica Boronat","@id":"https:\/\/www.vilademuro.net\/es\/#\/schema\/person\/490023e28474c85a348e12020e2d49e2"},"headline":"Responsabilidad con tu mascota","datePublished":"2020-04-08T07:40:38+00:00","dateModified":"2020-04-08T08:21:55+00:00","mainEntityOfPage":{"@id":"https:\/\/www.vilademuro.net\/es\/responsabilidad-con-tu-mascota\/"},"wordCount":121,"publisher":{"@id":"https:\/\/www.vilademuro.net\/es\/#organization"},"image":{"@id":"https:\/\/www.vilademuro.net\/es\/responsabilidad-con-tu-mascota\/#primaryimage"},"thumbnailUrl":"https:\/\/www.vilademuro.net\/wp-content\/uploads\/2020\/04\/cartell-campanya-muro.jpg","articleSection":["Medio Ambiente","Noticias","Servicios Municipales"],"inLanguage":"es"},{"@type":"WebPage","@id":"https:\/\/www.vilademuro.net\/es\/responsabilidad-con-tu-mascota\/","url":"https:\/\/www.vilademuro.net\/es\/responsabilidad-con-tu-mascota\/","name":"Responsabilidad con tu mascota | Ajuntament de Muro","isPartOf":{"@id":"https:\/\/www.vilademuro.net\/es\/#website"},"primaryImageOfPage":{"@id":"https:\/\/www.vilademuro.net\/es\/responsabilidad-con-tu-mascota\/#primaryimage"},"image":{"@id":"https:\/\/www.vilademuro.net\/es\/responsabilidad-con-tu-mascota\/#primaryimage"},"thumbnailUrl":"https:\/\/www.vilademuro.net\/wp-content\/uploads\/2020\/04\/cartell-campanya-muro.jpg","datePublished":"2020-04-08T07:40:38+00:00","dateModified":"2020-04-08T08:21:55+00:00","breadcrumb":{"@id":"https:\/\/www.vilademuro.net\/es\/responsabilidad-con-tu-mascota\/#breadcrumb"},"inLanguage":"es","potentialAction":[{"@type":"ReadAction","target":["https:\/\/www.vilademuro.net\/es\/responsabilidad-con-tu-mascota\/"]}]},{"@type":"ImageObject","inLanguage":"es","@id":"https:\/\/www.vilademuro.net\/es\/responsabilidad-con-tu-mascota\/#primaryimage","url":"https:\/\/www.vilademuro.net\/wp-content\/uploads\/2020\/04\/cartell-campanya-muro.jpg","contentUrl":"https:\/\/www.vilademuro.net\/wp-content\/uploads\/2020\/04\/cartell-campanya-muro.jpg","width":1600,"height":900},{"@type":"BreadcrumbList","@id":"https:\/\/www.vilademuro.net\/es\/responsabilidad-con-tu-mascota\/#breadcrumb","itemListElement":[{"@type":"ListItem","position":1,"name":"Inici","item":"https:\/\/www.vilademuro.net\/es\/"},{"@type":"ListItem","position":2,"name":"Responsabilidad con tu mascota"}]},{"@type":"WebSite","@id":"https:\/\/www.vilademuro.net\/es\/#website","url":"https:\/\/www.vilademuro.net\/es\/","name":"Ajuntament de Muro d'Alcoi","description":"P\u00e1gina web oficial de l&#039;Ajuntament de Muro","publisher":{"@id":"https:\/\/www.vilademuro.net\/es\/#organization"},"potentialAction":[{"@type":"SearchAction","target":{"@type":"EntryPoint","urlTemplate":"https:\/\/www.vilademuro.net\/es\/?s={search_term_string}"},"query-input":{"@type":"PropertyValueSpecification","valueRequired":true,"valueName":"search_term_string"}}],"inLanguage":"es"},{"@type":"Organization","@id":"https:\/\/www.vilademuro.net\/es\/#organization","name":"Ajuntament de Muro","url":"https:\/\/www.vilademuro.net\/es\/","logo":{"@type":"ImageObject","inLanguage":"es","@id":"https:\/\/www.vilademuro.net\/es\/#\/schema\/logo\/image\/","url":"https:\/\/www.vilademuro.net\/wp-content\/uploads\/2022\/10\/LOGO3-2.jpg","contentUrl":"https:\/\/www.vilademuro.net\/wp-content\/uploads\/2022\/10\/LOGO3-2.jpg","width":756,"height":517,"caption":"Ajuntament de Muro"},"image":{"@id":"https:\/\/www.vilademuro.net\/es\/#\/schema\/logo\/image\/"},"sameAs":["https:\/\/www.facebook.com\/murodealcoy","https:\/\/x.com\/AjuntamentMuro","https:\/\/www.youtube.com\/channel\/UC2rwbKfRqsd1Ncwm6Y1prQw"]},{"@type":"Person","@id":"https:\/\/www.vilademuro.net\/es\/#\/schema\/person\/490023e28474c85a348e12020e2d49e2","name":"Erica Boronat","image":{"@type":"ImageObject","inLanguage":"es","@id":"https:\/\/www.vilademuro.net\/es\/#\/schema\/person\/image\/","url":"https:\/\/secure.gravatar.com\/avatar\/713e51feb29f46013b85e224b6afe7bc3dd92375ecce954eac6743fc1c5bc1b0?s=96&d=mm&r=g","contentUrl":"https:\/\/secure.gravatar.com\/avatar\/713e51feb29f46013b85e224b6afe7bc3dd92375ecce954eac6743fc1c5bc1b0?s=96&d=mm&r=g","caption":"Erica Boronat"}}]}},"_links":{"self":[{"href":"https:\/\/www.vilademuro.net\/es\/wp-json\/wp\/v2\/posts\/38271","targetHints":{"allow":["GET"]}}],"collection":[{"href":"https:\/\/www.vilademuro.net\/es\/wp-json\/wp\/v2\/posts"}],"about":[{"href":"https:\/\/www.vilademuro.net\/es\/wp-json\/wp\/v2\/types\/post"}],"author":[{"embeddable":true,"href":"https:\/\/www.vilademuro.net\/es\/wp-json\/wp\/v2\/users\/4"}],"replies":[{"embeddable":true,"href":"https:\/\/www.vilademuro.net\/es\/wp-json\/wp\/v2\/comments?post=38271"}],"version-history":[{"count":0,"href":"https:\/\/www.vilademuro.net\/es\/wp-json\/wp\/v2\/posts\/38271\/revisions"}],"wp:featuredmedia":[{"embeddable":true,"href":"https:\/\/www.vilademuro.net\/es\/wp-json\/wp\/v2\/media\/38267"}],"wp:attachment":[{"href":"https:\/\/www.vilademuro.net\/es\/wp-json\/wp\/v2\/media?parent=38271"}],"wp:term":[{"taxonomy":"category","embeddable":true,"href":"https:\/\/www.vilademuro.net\/es\/wp-json\/wp\/v2\/categories?post=38271"},{"taxonomy":"post_tag","embeddable":true,"href":"https:\/\/www.vilademuro.net\/es\/wp-json\/wp\/v2\/tags?post=38271"}],"curies":[{"name":"wp","href":"https:\/\/api.w.org\/{rel}","templated":true}]}}