{"id":37977,"date":"2019-12-04T10:54:23","date_gmt":"2019-12-04T09:54:23","guid":{"rendered":"https:\/\/www.vilademuro.net\/subvencio-dins-de-les-inversions-financerament-sostenibles-a-financar-per-lexcma-diputacio-provincial-dalacant-anualitat-2018\/"},"modified":"2019-12-04T10:54:23","modified_gmt":"2019-12-04T09:54:23","slug":"subvencio-dins-de-les-inversions-financerament-sostenibles-a-financar-per-lexcma-diputacio-provincial-dalacant-anualitat-2018","status":"publish","type":"post","link":"https:\/\/www.vilademuro.net\/es\/subvencio-dins-de-les-inversions-financerament-sostenibles-a-financar-per-lexcma-diputacio-provincial-dalacant-anualitat-2018\/","title":{"rendered":"Subvenci\u00f3 dins de les Inversions financerament sostenibles a finan\u00e7ar per l&#8217;Excma. Diputaci\u00f3 Provincial d&#8217;Alacant, anualitat 2018."},"content":{"rendered":"<p>L&#8217;Excma. Diputaci\u00f3 Provincial d&#8217;Alacant, ha concedit a l&#8217;Ajuntament de Muro de Alcoy, dins de la Convocat\u00f2ria de subvencions nominatives per a Inversions financerament sostenibles anualitat 2018, un import de 427.122,75 \u20ac per a l&#8217;actuaci\u00f3 \u00abMillores d&#8217;instal\u00b7lacions esportives\u00bb. L&#8217;ajuda arriba al 95% de l&#8217;total de l&#8217;pressupost de l&#8217;obra.<\/p>\n<p><img loading=\"lazy\" decoding=\"async\" class=\" wp-image-30446 aligncenter\" src=\"https:\/\/www.vilademuro.net\/wp-content\/uploads\/2019\/12\/Logo-297x300.jpg\" alt=\"Logo Diputacion Alicante\" width=\"139\" height=\"140\" \/><\/p>\n","protected":false},"excerpt":{"rendered":"<p>L&#8217;Excma. Diputaci\u00f3 Provincial d&#8217;Alacant, ha concedit a l&#8217;Ajuntament de Muro de Alcoy, dins de la Convocat\u00f2ria de subvencions nominatives per a Inversions financerament sostenibles anualitat 2018, un import de 427.122,75 [&hellip;]<\/p>\n","protected":false},"author":1,"featured_media":30448,"comment_status":"closed","ping_status":"closed","sticky":false,"template":"","format":"standard","meta":{"_et_pb_use_builder":"","_et_pb_old_content":"","_et_gb_content_width":"","footnotes":""},"categories":[49],"tags":[],"class_list":["post-37977","post","type-post","status-publish","format-standard","has-post-thumbnail","hentry","category-noticias"],"yoast_head":"<!-- This site is optimized with the Yoast SEO plugin v27.1.1 - https:\/\/yoast.com\/product\/yoast-seo-wordpress\/ -->\n<title>Subvenci\u00f3 dins de les Inversions financerament sostenibles a finan\u00e7ar per l&#039;Excma. Diputaci\u00f3 Provincial d&#039;Alacant, anualitat 2018. | Ajuntament de Muro<\/title>\n<meta name=\"robots\" content=\"index, follow, max-snippet:-1, max-image-preview:large, max-video-preview:-1\" \/>\n<link rel=\"canonical\" href=\"https:\/\/www.vilademuro.net\/es\/subvencio-dins-de-les-inversions-financerament-sostenibles-a-financar-per-lexcma-diputacio-provincial-dalacant-anualitat-2018\/\" \/>\n<meta property=\"og:locale\" content=\"es_ES\" \/>\n<meta property=\"og:type\" content=\"article\" \/>\n<meta property=\"og:title\" content=\"Subvenci\u00f3 dins de les Inversions financerament sostenibles a finan\u00e7ar per l&#039;Excma. Diputaci\u00f3 Provincial d&#039;Alacant, anualitat 2018. | Ajuntament de Muro\" \/>\n<meta property=\"og:description\" content=\"L&#8217;Excma. Diputaci\u00f3 Provincial d&#8217;Alacant, ha concedit a l&#8217;Ajuntament de Muro de Alcoy, dins de la Convocat\u00f2ria de subvencions nominatives per a Inversions financerament sostenibles anualitat 2018, un import de 427.122,75 [&hellip;]\" \/>\n<meta property=\"og:url\" content=\"https:\/\/www.vilademuro.net\/es\/subvencio-dins-de-les-inversions-financerament-sostenibles-a-financar-per-lexcma-diputacio-provincial-dalacant-anualitat-2018\/\" \/>\n<meta property=\"og:site_name\" content=\"Ajuntament de Muro\" \/>\n<meta property=\"article:publisher\" content=\"https:\/\/www.facebook.com\/murodealcoy\" \/>\n<meta property=\"article:published_time\" content=\"2019-12-04T09:54:23+00:00\" \/>\n<meta property=\"og:image\" content=\"https:\/\/www.vilademuro.net\/wp-content\/uploads\/2019\/12\/Logo.jpg\" \/>\n\t<meta property=\"og:image:width\" content=\"585\" \/>\n\t<meta property=\"og:image:height\" content=\"591\" \/>\n\t<meta property=\"og:image:type\" content=\"image\/jpeg\" \/>\n<meta name=\"author\" content=\"heroe\" \/>\n<meta name=\"twitter:card\" content=\"summary_large_image\" \/>\n<meta name=\"twitter:creator\" content=\"@AjuntamentMuro\" \/>\n<meta name=\"twitter:site\" content=\"@AjuntamentMuro\" \/>\n<meta name=\"twitter:label1\" content=\"Escrito por\" \/>\n\t<meta name=\"twitter:data1\" content=\"heroe\" \/>\n<script type=\"application\/ld+json\" class=\"yoast-schema-graph\">{\"@context\":\"https:\/\/schema.org\",\"@graph\":[{\"@type\":\"Article\",\"@id\":\"https:\/\/www.vilademuro.net\/es\/subvencio-dins-de-les-inversions-financerament-sostenibles-a-financar-per-lexcma-diputacio-provincial-dalacant-anualitat-2018\/#article\",\"isPartOf\":{\"@id\":\"https:\/\/www.vilademuro.net\/es\/subvencio-dins-de-les-inversions-financerament-sostenibles-a-financar-per-lexcma-diputacio-provincial-dalacant-anualitat-2018\/\"},\"author\":{\"name\":\"heroe\",\"@id\":\"https:\/\/www.vilademuro.net\/es\/#\/schema\/person\/92a089252429baba6bc00faef7be46f3\"},\"headline\":\"Subvenci\u00f3 dins de les Inversions financerament sostenibles a finan\u00e7ar per l&#8217;Excma. Diputaci\u00f3 Provincial d&#8217;Alacant, anualitat 2018.\",\"datePublished\":\"2019-12-04T09:54:23+00:00\",\"mainEntityOfPage\":{\"@id\":\"https:\/\/www.vilademuro.net\/es\/subvencio-dins-de-les-inversions-financerament-sostenibles-a-financar-per-lexcma-diputacio-provincial-dalacant-anualitat-2018\/\"},\"wordCount\":72,\"publisher\":{\"@id\":\"https:\/\/www.vilademuro.net\/es\/#organization\"},\"image\":{\"@id\":\"https:\/\/www.vilademuro.net\/es\/subvencio-dins-de-les-inversions-financerament-sostenibles-a-financar-per-lexcma-diputacio-provincial-dalacant-anualitat-2018\/#primaryimage\"},\"thumbnailUrl\":\"https:\/\/www.vilademuro.net\/wp-content\/uploads\/2019\/12\/Logo.jpg\",\"articleSection\":[\"Noticias\"],\"inLanguage\":\"es\"},{\"@type\":\"WebPage\",\"@id\":\"https:\/\/www.vilademuro.net\/es\/subvencio-dins-de-les-inversions-financerament-sostenibles-a-financar-per-lexcma-diputacio-provincial-dalacant-anualitat-2018\/\",\"url\":\"https:\/\/www.vilademuro.net\/es\/subvencio-dins-de-les-inversions-financerament-sostenibles-a-financar-per-lexcma-diputacio-provincial-dalacant-anualitat-2018\/\",\"name\":\"Subvenci\u00f3 dins de les Inversions financerament sostenibles a finan\u00e7ar per l'Excma. Diputaci\u00f3 Provincial d'Alacant, anualitat 2018. | Ajuntament de Muro\",\"isPartOf\":{\"@id\":\"https:\/\/www.vilademuro.net\/es\/#website\"},\"primaryImageOfPage\":{\"@id\":\"https:\/\/www.vilademuro.net\/es\/subvencio-dins-de-les-inversions-financerament-sostenibles-a-financar-per-lexcma-diputacio-provincial-dalacant-anualitat-2018\/#primaryimage\"},\"image\":{\"@id\":\"https:\/\/www.vilademuro.net\/es\/subvencio-dins-de-les-inversions-financerament-sostenibles-a-financar-per-lexcma-diputacio-provincial-dalacant-anualitat-2018\/#primaryimage\"},\"thumbnailUrl\":\"https:\/\/www.vilademuro.net\/wp-content\/uploads\/2019\/12\/Logo.jpg\",\"datePublished\":\"2019-12-04T09:54:23+00:00\",\"breadcrumb\":{\"@id\":\"https:\/\/www.vilademuro.net\/es\/subvencio-dins-de-les-inversions-financerament-sostenibles-a-financar-per-lexcma-diputacio-provincial-dalacant-anualitat-2018\/#breadcrumb\"},\"inLanguage\":\"es\",\"potentialAction\":[{\"@type\":\"ReadAction\",\"target\":[\"https:\/\/www.vilademuro.net\/es\/subvencio-dins-de-les-inversions-financerament-sostenibles-a-financar-per-lexcma-diputacio-provincial-dalacant-anualitat-2018\/\"]}]},{\"@type\":\"ImageObject\",\"inLanguage\":\"es\",\"@id\":\"https:\/\/www.vilademuro.net\/es\/subvencio-dins-de-les-inversions-financerament-sostenibles-a-financar-per-lexcma-diputacio-provincial-dalacant-anualitat-2018\/#primaryimage\",\"url\":\"https:\/\/www.vilademuro.net\/wp-content\/uploads\/2019\/12\/Logo.jpg\",\"contentUrl\":\"https:\/\/www.vilademuro.net\/wp-content\/uploads\/2019\/12\/Logo.jpg\",\"width\":585,\"height\":591,\"caption\":\"Logo Diputacion Alicante\"},{\"@type\":\"BreadcrumbList\",\"@id\":\"https:\/\/www.vilademuro.net\/es\/subvencio-dins-de-les-inversions-financerament-sostenibles-a-financar-per-lexcma-diputacio-provincial-dalacant-anualitat-2018\/#breadcrumb\",\"itemListElement\":[{\"@type\":\"ListItem\",\"position\":1,\"name\":\"Inici\",\"item\":\"https:\/\/www.vilademuro.net\/es\/\"},{\"@type\":\"ListItem\",\"position\":2,\"name\":\"Subvenci\u00f3 dins de les Inversions financerament sostenibles a finan\u00e7ar per l&#8217;Excma. Diputaci\u00f3 Provincial d&#8217;Alacant, anualitat 2018.\"}]},{\"@type\":\"WebSite\",\"@id\":\"https:\/\/www.vilademuro.net\/es\/#website\",\"url\":\"https:\/\/www.vilademuro.net\/es\/\",\"name\":\"Ajuntament de Muro d'Alcoi\",\"description\":\"P\u00e1gina web oficial de l&#039;Ajuntament de Muro\",\"publisher\":{\"@id\":\"https:\/\/www.vilademuro.net\/es\/#organization\"},\"potentialAction\":[{\"@type\":\"SearchAction\",\"target\":{\"@type\":\"EntryPoint\",\"urlTemplate\":\"https:\/\/www.vilademuro.net\/es\/?s={search_term_string}\"},\"query-input\":{\"@type\":\"PropertyValueSpecification\",\"valueRequired\":true,\"valueName\":\"search_term_string\"}}],\"inLanguage\":\"es\"},{\"@type\":\"Organization\",\"@id\":\"https:\/\/www.vilademuro.net\/es\/#organization\",\"name\":\"Ajuntament de Muro\",\"url\":\"https:\/\/www.vilademuro.net\/es\/\",\"logo\":{\"@type\":\"ImageObject\",\"inLanguage\":\"es\",\"@id\":\"https:\/\/www.vilademuro.net\/es\/#\/schema\/logo\/image\/\",\"url\":\"https:\/\/www.vilademuro.net\/wp-content\/uploads\/2022\/10\/LOGO3-2.jpg\",\"contentUrl\":\"https:\/\/www.vilademuro.net\/wp-content\/uploads\/2022\/10\/LOGO3-2.jpg\",\"width\":756,\"height\":517,\"caption\":\"Ajuntament de Muro\"},\"image\":{\"@id\":\"https:\/\/www.vilademuro.net\/es\/#\/schema\/logo\/image\/\"},\"sameAs\":[\"https:\/\/www.facebook.com\/murodealcoy\",\"https:\/\/x.com\/AjuntamentMuro\",\"https:\/\/www.youtube.com\/channel\/UC2rwbKfRqsd1Ncwm6Y1prQw\"]},{\"@type\":\"Person\",\"@id\":\"https:\/\/www.vilademuro.net\/es\/#\/schema\/person\/92a089252429baba6bc00faef7be46f3\",\"name\":\"heroe\",\"image\":{\"@type\":\"ImageObject\",\"inLanguage\":\"es\",\"@id\":\"https:\/\/www.vilademuro.net\/es\/#\/schema\/person\/image\/\",\"url\":\"https:\/\/secure.gravatar.com\/avatar\/0ab67314beef5e8b35e969ec310f248c3dab6c22e40846aeccadf9f320d2b455?s=96&d=mm&r=g\",\"contentUrl\":\"https:\/\/secure.gravatar.com\/avatar\/0ab67314beef5e8b35e969ec310f248c3dab6c22e40846aeccadf9f320d2b455?s=96&d=mm&r=g\",\"caption\":\"heroe\"}}]}<\/script>\n<!-- \/ Yoast SEO plugin. -->","yoast_head_json":{"title":"Subvenci\u00f3 dins de les Inversions financerament sostenibles a finan\u00e7ar per l'Excma. Diputaci\u00f3 Provincial d'Alacant, anualitat 2018. | Ajuntament de Muro","robots":{"index":"index","follow":"follow","max-snippet":"max-snippet:-1","max-image-preview":"max-image-preview:large","max-video-preview":"max-video-preview:-1"},"canonical":"https:\/\/www.vilademuro.net\/es\/subvencio-dins-de-les-inversions-financerament-sostenibles-a-financar-per-lexcma-diputacio-provincial-dalacant-anualitat-2018\/","og_locale":"es_ES","og_type":"article","og_title":"Subvenci\u00f3 dins de les Inversions financerament sostenibles a finan\u00e7ar per l'Excma. Diputaci\u00f3 Provincial d'Alacant, anualitat 2018. | Ajuntament de Muro","og_description":"L&#8217;Excma. Diputaci\u00f3 Provincial d&#8217;Alacant, ha concedit a l&#8217;Ajuntament de Muro de Alcoy, dins de la Convocat\u00f2ria de subvencions nominatives per a Inversions financerament sostenibles anualitat 2018, un import de 427.122,75 [&hellip;]","og_url":"https:\/\/www.vilademuro.net\/es\/subvencio-dins-de-les-inversions-financerament-sostenibles-a-financar-per-lexcma-diputacio-provincial-dalacant-anualitat-2018\/","og_site_name":"Ajuntament de Muro","article_publisher":"https:\/\/www.facebook.com\/murodealcoy","article_published_time":"2019-12-04T09:54:23+00:00","og_image":[{"width":585,"height":591,"url":"https:\/\/www.vilademuro.net\/wp-content\/uploads\/2019\/12\/Logo.jpg","type":"image\/jpeg"}],"author":"heroe","twitter_card":"summary_large_image","twitter_creator":"@AjuntamentMuro","twitter_site":"@AjuntamentMuro","twitter_misc":{"Escrito por":"heroe"},"schema":{"@context":"https:\/\/schema.org","@graph":[{"@type":"Article","@id":"https:\/\/www.vilademuro.net\/es\/subvencio-dins-de-les-inversions-financerament-sostenibles-a-financar-per-lexcma-diputacio-provincial-dalacant-anualitat-2018\/#article","isPartOf":{"@id":"https:\/\/www.vilademuro.net\/es\/subvencio-dins-de-les-inversions-financerament-sostenibles-a-financar-per-lexcma-diputacio-provincial-dalacant-anualitat-2018\/"},"author":{"name":"heroe","@id":"https:\/\/www.vilademuro.net\/es\/#\/schema\/person\/92a089252429baba6bc00faef7be46f3"},"headline":"Subvenci\u00f3 dins de les Inversions financerament sostenibles a finan\u00e7ar per l&#8217;Excma. Diputaci\u00f3 Provincial d&#8217;Alacant, anualitat 2018.","datePublished":"2019-12-04T09:54:23+00:00","mainEntityOfPage":{"@id":"https:\/\/www.vilademuro.net\/es\/subvencio-dins-de-les-inversions-financerament-sostenibles-a-financar-per-lexcma-diputacio-provincial-dalacant-anualitat-2018\/"},"wordCount":72,"publisher":{"@id":"https:\/\/www.vilademuro.net\/es\/#organization"},"image":{"@id":"https:\/\/www.vilademuro.net\/es\/subvencio-dins-de-les-inversions-financerament-sostenibles-a-financar-per-lexcma-diputacio-provincial-dalacant-anualitat-2018\/#primaryimage"},"thumbnailUrl":"https:\/\/www.vilademuro.net\/wp-content\/uploads\/2019\/12\/Logo.jpg","articleSection":["Noticias"],"inLanguage":"es"},{"@type":"WebPage","@id":"https:\/\/www.vilademuro.net\/es\/subvencio-dins-de-les-inversions-financerament-sostenibles-a-financar-per-lexcma-diputacio-provincial-dalacant-anualitat-2018\/","url":"https:\/\/www.vilademuro.net\/es\/subvencio-dins-de-les-inversions-financerament-sostenibles-a-financar-per-lexcma-diputacio-provincial-dalacant-anualitat-2018\/","name":"Subvenci\u00f3 dins de les Inversions financerament sostenibles a finan\u00e7ar per l'Excma. Diputaci\u00f3 Provincial d'Alacant, anualitat 2018. | Ajuntament de Muro","isPartOf":{"@id":"https:\/\/www.vilademuro.net\/es\/#website"},"primaryImageOfPage":{"@id":"https:\/\/www.vilademuro.net\/es\/subvencio-dins-de-les-inversions-financerament-sostenibles-a-financar-per-lexcma-diputacio-provincial-dalacant-anualitat-2018\/#primaryimage"},"image":{"@id":"https:\/\/www.vilademuro.net\/es\/subvencio-dins-de-les-inversions-financerament-sostenibles-a-financar-per-lexcma-diputacio-provincial-dalacant-anualitat-2018\/#primaryimage"},"thumbnailUrl":"https:\/\/www.vilademuro.net\/wp-content\/uploads\/2019\/12\/Logo.jpg","datePublished":"2019-12-04T09:54:23+00:00","breadcrumb":{"@id":"https:\/\/www.vilademuro.net\/es\/subvencio-dins-de-les-inversions-financerament-sostenibles-a-financar-per-lexcma-diputacio-provincial-dalacant-anualitat-2018\/#breadcrumb"},"inLanguage":"es","potentialAction":[{"@type":"ReadAction","target":["https:\/\/www.vilademuro.net\/es\/subvencio-dins-de-les-inversions-financerament-sostenibles-a-financar-per-lexcma-diputacio-provincial-dalacant-anualitat-2018\/"]}]},{"@type":"ImageObject","inLanguage":"es","@id":"https:\/\/www.vilademuro.net\/es\/subvencio-dins-de-les-inversions-financerament-sostenibles-a-financar-per-lexcma-diputacio-provincial-dalacant-anualitat-2018\/#primaryimage","url":"https:\/\/www.vilademuro.net\/wp-content\/uploads\/2019\/12\/Logo.jpg","contentUrl":"https:\/\/www.vilademuro.net\/wp-content\/uploads\/2019\/12\/Logo.jpg","width":585,"height":591,"caption":"Logo Diputacion Alicante"},{"@type":"BreadcrumbList","@id":"https:\/\/www.vilademuro.net\/es\/subvencio-dins-de-les-inversions-financerament-sostenibles-a-financar-per-lexcma-diputacio-provincial-dalacant-anualitat-2018\/#breadcrumb","itemListElement":[{"@type":"ListItem","position":1,"name":"Inici","item":"https:\/\/www.vilademuro.net\/es\/"},{"@type":"ListItem","position":2,"name":"Subvenci\u00f3 dins de les Inversions financerament sostenibles a finan\u00e7ar per l&#8217;Excma. Diputaci\u00f3 Provincial d&#8217;Alacant, anualitat 2018."}]},{"@type":"WebSite","@id":"https:\/\/www.vilademuro.net\/es\/#website","url":"https:\/\/www.vilademuro.net\/es\/","name":"Ajuntament de Muro d'Alcoi","description":"P\u00e1gina web oficial de l&#039;Ajuntament de Muro","publisher":{"@id":"https:\/\/www.vilademuro.net\/es\/#organization"},"potentialAction":[{"@type":"SearchAction","target":{"@type":"EntryPoint","urlTemplate":"https:\/\/www.vilademuro.net\/es\/?s={search_term_string}"},"query-input":{"@type":"PropertyValueSpecification","valueRequired":true,"valueName":"search_term_string"}}],"inLanguage":"es"},{"@type":"Organization","@id":"https:\/\/www.vilademuro.net\/es\/#organization","name":"Ajuntament de Muro","url":"https:\/\/www.vilademuro.net\/es\/","logo":{"@type":"ImageObject","inLanguage":"es","@id":"https:\/\/www.vilademuro.net\/es\/#\/schema\/logo\/image\/","url":"https:\/\/www.vilademuro.net\/wp-content\/uploads\/2022\/10\/LOGO3-2.jpg","contentUrl":"https:\/\/www.vilademuro.net\/wp-content\/uploads\/2022\/10\/LOGO3-2.jpg","width":756,"height":517,"caption":"Ajuntament de Muro"},"image":{"@id":"https:\/\/www.vilademuro.net\/es\/#\/schema\/logo\/image\/"},"sameAs":["https:\/\/www.facebook.com\/murodealcoy","https:\/\/x.com\/AjuntamentMuro","https:\/\/www.youtube.com\/channel\/UC2rwbKfRqsd1Ncwm6Y1prQw"]},{"@type":"Person","@id":"https:\/\/www.vilademuro.net\/es\/#\/schema\/person\/92a089252429baba6bc00faef7be46f3","name":"heroe","image":{"@type":"ImageObject","inLanguage":"es","@id":"https:\/\/www.vilademuro.net\/es\/#\/schema\/person\/image\/","url":"https:\/\/secure.gravatar.com\/avatar\/0ab67314beef5e8b35e969ec310f248c3dab6c22e40846aeccadf9f320d2b455?s=96&d=mm&r=g","contentUrl":"https:\/\/secure.gravatar.com\/avatar\/0ab67314beef5e8b35e969ec310f248c3dab6c22e40846aeccadf9f320d2b455?s=96&d=mm&r=g","caption":"heroe"}}]}},"_links":{"self":[{"href":"https:\/\/www.vilademuro.net\/es\/wp-json\/wp\/v2\/posts\/37977","targetHints":{"allow":["GET"]}}],"collection":[{"href":"https:\/\/www.vilademuro.net\/es\/wp-json\/wp\/v2\/posts"}],"about":[{"href":"https:\/\/www.vilademuro.net\/es\/wp-json\/wp\/v2\/types\/post"}],"author":[{"embeddable":true,"href":"https:\/\/www.vilademuro.net\/es\/wp-json\/wp\/v2\/users\/1"}],"replies":[{"embeddable":true,"href":"https:\/\/www.vilademuro.net\/es\/wp-json\/wp\/v2\/comments?post=37977"}],"version-history":[{"count":0,"href":"https:\/\/www.vilademuro.net\/es\/wp-json\/wp\/v2\/posts\/37977\/revisions"}],"wp:featuredmedia":[{"embeddable":true,"href":"https:\/\/www.vilademuro.net\/es\/wp-json\/wp\/v2\/media\/30448"}],"wp:attachment":[{"href":"https:\/\/www.vilademuro.net\/es\/wp-json\/wp\/v2\/media?parent=37977"}],"wp:term":[{"taxonomy":"category","embeddable":true,"href":"https:\/\/www.vilademuro.net\/es\/wp-json\/wp\/v2\/categories?post=37977"},{"taxonomy":"post_tag","embeddable":true,"href":"https:\/\/www.vilademuro.net\/es\/wp-json\/wp\/v2\/tags?post=37977"}],"curies":[{"name":"wp","href":"https:\/\/api.w.org\/{rel}","templated":true}]}}