{"id":37976,"date":"2019-12-05T10:50:51","date_gmt":"2019-12-05T09:50:51","guid":{"rendered":"https:\/\/www.vilademuro.net\/subvencio-dins-de-la-convocatoria-dajudes-en-materia-de-mobilitat-sostenible-a-carrec-de-lpressupost-de-lexercici-2019-amb-cofinancament-de-la-unio-europea-a-traves-de-fons-europeu-de-desenvolu\/"},"modified":"2019-12-05T10:50:51","modified_gmt":"2019-12-05T09:50:51","slug":"subvencio-dins-de-la-convocatoria-dajudes-en-materia-de-mobilitat-sostenible-a-carrec-de-lpressupost-de-lexercici-2019-amb-cofinancament-de-la-unio-europea-a-traves-de-fons-europeu-de-desenvolu","status":"publish","type":"post","link":"https:\/\/www.vilademuro.net\/es\/subvencio-dins-de-la-convocatoria-dajudes-en-materia-de-mobilitat-sostenible-a-carrec-de-lpressupost-de-lexercici-2019-amb-cofinancament-de-la-unio-europea-a-traves-de-fons-europeu-de-desenvolu\/","title":{"rendered":"Subvenci\u00f3 dins de la Convocat\u00f2ria d&#8217;ajudes en mat\u00e8ria de mobilitat sostenible a c\u00e0rrec de l&#8217;pressupost de l&#8217;exercici 2019, amb cofinan\u00e7ament de la Uni\u00f3 Europea a trav\u00e9s de Fons Europeu de Desenvolupament Regional."},"content":{"rendered":"<p>L\u2019 IVACE, entitat adscrita a la Conselleria d&#8217;Economia Sostenible, sectors productius, Comer\u00e7 i Treball de la Generalitat Valenciana, ha concedit subvenci\u00f3 dins de la Convocat\u00f2ria d&#8217;ajudes en mat\u00e8ria de mobilitat sostenible a c\u00e0rrec de l&#8217;pressupost de l&#8217;exercici 2019, amb cofinan\u00e7ament de la Uni\u00f3 Europea a trav\u00e9s de Fons Europeu de Desenvolupament Regional, per import de 6.000,00 \u20ac per al projecte de \u00abMobilitat sostenible Muro 2019\u00bb per a l&#8217;adquisici\u00f3 de vehicle el\u00e8ctric amb una quantitat a justificar de 12.000,00 \u20ac, el que equival a una subvenci\u00f3 del 50,00% del total subvencionable.<\/p>\n<p><img loading=\"lazy\" decoding=\"async\" class=\"alignnone size-medium wp-image-30437\" src=\"https:\/\/www.vilademuro.net\/wp-content\/uploads\/2019\/12\/logo-conselleriaEconomia_Generico_val-300x212.jpg\" alt=\"logo conselleria Economia\" width=\"300\" height=\"212\" \/> <img loading=\"lazy\" decoding=\"async\" class=\"alignnone size-medium wp-image-30440\" src=\"https:\/\/www.vilademuro.net\/wp-content\/uploads\/2019\/12\/logo-IVACE.png\" alt=\"\" width=\"200\" height=\"200\" srcset=\"https:\/\/www.vilademuro.net\/wp-content\/uploads\/2019\/12\/logo-IVACE.png 200w, https:\/\/www.vilademuro.net\/wp-content\/uploads\/2019\/12\/logo-IVACE-150x150.png 150w\" sizes=\"(max-width: 200px) 100vw, 200px\" \/><\/p>\n<p>&nbsp;<\/p>\n","protected":false},"excerpt":{"rendered":"<p>L\u2019 IVACE, entitat adscrita a la Conselleria d&#8217;Economia Sostenible, sectors productius, Comer\u00e7 i Treball de la Generalitat Valenciana, ha concedit subvenci\u00f3 dins de la Convocat\u00f2ria d&#8217;ajudes en mat\u00e8ria de mobilitat [&hellip;]<\/p>\n","protected":false},"author":1,"featured_media":30468,"comment_status":"closed","ping_status":"closed","sticky":false,"template":"","format":"standard","meta":{"_et_pb_use_builder":"","_et_pb_old_content":"","_et_gb_content_width":"","footnotes":""},"categories":[49],"tags":[],"class_list":["post-37976","post","type-post","status-publish","format-standard","has-post-thumbnail","hentry","category-noticias"],"yoast_head":"<!-- This site is optimized with the Yoast SEO plugin v27.1.1 - https:\/\/yoast.com\/product\/yoast-seo-wordpress\/ -->\n<title>Subvenci\u00f3 dins de la Convocat\u00f2ria d&#039;ajudes en mat\u00e8ria de mobilitat sostenible a c\u00e0rrec de l&#039;pressupost de l&#039;exercici 2019, amb cofinan\u00e7ament de la Uni\u00f3 Europea a trav\u00e9s de Fons Europeu de Desenvolupament Regional. | Ajuntament de Muro<\/title>\n<meta name=\"robots\" content=\"index, follow, max-snippet:-1, max-image-preview:large, max-video-preview:-1\" \/>\n<link rel=\"canonical\" href=\"https:\/\/www.vilademuro.net\/es\/subvencio-dins-de-la-convocatoria-dajudes-en-materia-de-mobilitat-sostenible-a-carrec-de-lpressupost-de-lexercici-2019-amb-cofinancament-de-la-unio-europea-a-traves-de-fons-europeu-de-desenvolu\/\" \/>\n<meta property=\"og:locale\" content=\"es_ES\" \/>\n<meta property=\"og:type\" content=\"article\" \/>\n<meta property=\"og:title\" content=\"Subvenci\u00f3 dins de la Convocat\u00f2ria d&#039;ajudes en mat\u00e8ria de mobilitat sostenible a c\u00e0rrec de l&#039;pressupost de l&#039;exercici 2019, amb cofinan\u00e7ament de la Uni\u00f3 Europea a trav\u00e9s de Fons Europeu de Desenvolupament Regional. | Ajuntament de Muro\" \/>\n<meta property=\"og:description\" content=\"L\u2019 IVACE, entitat adscrita a la Conselleria d&#8217;Economia Sostenible, sectors productius, Comer\u00e7 i Treball de la Generalitat Valenciana, ha concedit subvenci\u00f3 dins de la Convocat\u00f2ria d&#8217;ajudes en mat\u00e8ria de mobilitat [&hellip;]\" \/>\n<meta property=\"og:url\" content=\"https:\/\/www.vilademuro.net\/es\/subvencio-dins-de-la-convocatoria-dajudes-en-materia-de-mobilitat-sostenible-a-carrec-de-lpressupost-de-lexercici-2019-amb-cofinancament-de-la-unio-europea-a-traves-de-fons-europeu-de-desenvolu\/\" \/>\n<meta property=\"og:site_name\" content=\"Ajuntament de Muro\" \/>\n<meta property=\"article:publisher\" content=\"https:\/\/www.facebook.com\/murodealcoy\" \/>\n<meta property=\"article:published_time\" content=\"2019-12-05T09:50:51+00:00\" \/>\n<meta property=\"og:image\" content=\"https:\/\/www.vilademuro.net\/wp-content\/uploads\/2019\/12\/logo-generalitat.png\" \/>\n\t<meta property=\"og:image:width\" content=\"360\" \/>\n\t<meta property=\"og:image:height\" content=\"172\" \/>\n\t<meta property=\"og:image:type\" content=\"image\/png\" \/>\n<meta name=\"author\" content=\"heroe\" \/>\n<meta name=\"twitter:card\" content=\"summary_large_image\" \/>\n<meta name=\"twitter:creator\" content=\"@AjuntamentMuro\" \/>\n<meta name=\"twitter:site\" content=\"@AjuntamentMuro\" \/>\n<meta name=\"twitter:label1\" content=\"Escrito por\" \/>\n\t<meta name=\"twitter:data1\" content=\"heroe\" \/>\n<script type=\"application\/ld+json\" class=\"yoast-schema-graph\">{\"@context\":\"https:\/\/schema.org\",\"@graph\":[{\"@type\":\"Article\",\"@id\":\"https:\/\/www.vilademuro.net\/es\/subvencio-dins-de-la-convocatoria-dajudes-en-materia-de-mobilitat-sostenible-a-carrec-de-lpressupost-de-lexercici-2019-amb-cofinancament-de-la-unio-europea-a-traves-de-fons-europeu-de-desenvolu\/#article\",\"isPartOf\":{\"@id\":\"https:\/\/www.vilademuro.net\/es\/subvencio-dins-de-la-convocatoria-dajudes-en-materia-de-mobilitat-sostenible-a-carrec-de-lpressupost-de-lexercici-2019-amb-cofinancament-de-la-unio-europea-a-traves-de-fons-europeu-de-desenvolu\/\"},\"author\":{\"name\":\"heroe\",\"@id\":\"https:\/\/www.vilademuro.net\/es\/#\/schema\/person\/92a089252429baba6bc00faef7be46f3\"},\"headline\":\"Subvenci\u00f3 dins de la Convocat\u00f2ria d&#8217;ajudes en mat\u00e8ria de mobilitat sostenible a c\u00e0rrec de l&#8217;pressupost de l&#8217;exercici 2019, amb cofinan\u00e7ament de la Uni\u00f3 Europea a trav\u00e9s de Fons Europeu de Desenvolupament Regional.\",\"datePublished\":\"2019-12-05T09:50:51+00:00\",\"mainEntityOfPage\":{\"@id\":\"https:\/\/www.vilademuro.net\/es\/subvencio-dins-de-la-convocatoria-dajudes-en-materia-de-mobilitat-sostenible-a-carrec-de-lpressupost-de-lexercici-2019-amb-cofinancament-de-la-unio-europea-a-traves-de-fons-europeu-de-desenvolu\/\"},\"wordCount\":134,\"publisher\":{\"@id\":\"https:\/\/www.vilademuro.net\/es\/#organization\"},\"image\":{\"@id\":\"https:\/\/www.vilademuro.net\/es\/subvencio-dins-de-la-convocatoria-dajudes-en-materia-de-mobilitat-sostenible-a-carrec-de-lpressupost-de-lexercici-2019-amb-cofinancament-de-la-unio-europea-a-traves-de-fons-europeu-de-desenvolu\/#primaryimage\"},\"thumbnailUrl\":\"https:\/\/www.vilademuro.net\/wp-content\/uploads\/2019\/12\/logo-generalitat.png\",\"articleSection\":[\"Noticias\"],\"inLanguage\":\"es\"},{\"@type\":\"WebPage\",\"@id\":\"https:\/\/www.vilademuro.net\/es\/subvencio-dins-de-la-convocatoria-dajudes-en-materia-de-mobilitat-sostenible-a-carrec-de-lpressupost-de-lexercici-2019-amb-cofinancament-de-la-unio-europea-a-traves-de-fons-europeu-de-desenvolu\/\",\"url\":\"https:\/\/www.vilademuro.net\/es\/subvencio-dins-de-la-convocatoria-dajudes-en-materia-de-mobilitat-sostenible-a-carrec-de-lpressupost-de-lexercici-2019-amb-cofinancament-de-la-unio-europea-a-traves-de-fons-europeu-de-desenvolu\/\",\"name\":\"Subvenci\u00f3 dins de la Convocat\u00f2ria d'ajudes en mat\u00e8ria de mobilitat sostenible a c\u00e0rrec de l'pressupost de l'exercici 2019, amb cofinan\u00e7ament de la Uni\u00f3 Europea a trav\u00e9s de Fons Europeu de Desenvolupament Regional. | Ajuntament de Muro\",\"isPartOf\":{\"@id\":\"https:\/\/www.vilademuro.net\/es\/#website\"},\"primaryImageOfPage\":{\"@id\":\"https:\/\/www.vilademuro.net\/es\/subvencio-dins-de-la-convocatoria-dajudes-en-materia-de-mobilitat-sostenible-a-carrec-de-lpressupost-de-lexercici-2019-amb-cofinancament-de-la-unio-europea-a-traves-de-fons-europeu-de-desenvolu\/#primaryimage\"},\"image\":{\"@id\":\"https:\/\/www.vilademuro.net\/es\/subvencio-dins-de-la-convocatoria-dajudes-en-materia-de-mobilitat-sostenible-a-carrec-de-lpressupost-de-lexercici-2019-amb-cofinancament-de-la-unio-europea-a-traves-de-fons-europeu-de-desenvolu\/#primaryimage\"},\"thumbnailUrl\":\"https:\/\/www.vilademuro.net\/wp-content\/uploads\/2019\/12\/logo-generalitat.png\",\"datePublished\":\"2019-12-05T09:50:51+00:00\",\"breadcrumb\":{\"@id\":\"https:\/\/www.vilademuro.net\/es\/subvencio-dins-de-la-convocatoria-dajudes-en-materia-de-mobilitat-sostenible-a-carrec-de-lpressupost-de-lexercici-2019-amb-cofinancament-de-la-unio-europea-a-traves-de-fons-europeu-de-desenvolu\/#breadcrumb\"},\"inLanguage\":\"es\",\"potentialAction\":[{\"@type\":\"ReadAction\",\"target\":[\"https:\/\/www.vilademuro.net\/es\/subvencio-dins-de-la-convocatoria-dajudes-en-materia-de-mobilitat-sostenible-a-carrec-de-lpressupost-de-lexercici-2019-amb-cofinancament-de-la-unio-europea-a-traves-de-fons-europeu-de-desenvolu\/\"]}]},{\"@type\":\"ImageObject\",\"inLanguage\":\"es\",\"@id\":\"https:\/\/www.vilademuro.net\/es\/subvencio-dins-de-la-convocatoria-dajudes-en-materia-de-mobilitat-sostenible-a-carrec-de-lpressupost-de-lexercici-2019-amb-cofinancament-de-la-unio-europea-a-traves-de-fons-europeu-de-desenvolu\/#primaryimage\",\"url\":\"https:\/\/www.vilademuro.net\/wp-content\/uploads\/2019\/12\/logo-generalitat.png\",\"contentUrl\":\"https:\/\/www.vilademuro.net\/wp-content\/uploads\/2019\/12\/logo-generalitat.png\",\"width\":360,\"height\":172,\"caption\":\"logo generalitat\"},{\"@type\":\"BreadcrumbList\",\"@id\":\"https:\/\/www.vilademuro.net\/es\/subvencio-dins-de-la-convocatoria-dajudes-en-materia-de-mobilitat-sostenible-a-carrec-de-lpressupost-de-lexercici-2019-amb-cofinancament-de-la-unio-europea-a-traves-de-fons-europeu-de-desenvolu\/#breadcrumb\",\"itemListElement\":[{\"@type\":\"ListItem\",\"position\":1,\"name\":\"Inici\",\"item\":\"https:\/\/www.vilademuro.net\/es\/\"},{\"@type\":\"ListItem\",\"position\":2,\"name\":\"Subvenci\u00f3 dins de la Convocat\u00f2ria d&#8217;ajudes en mat\u00e8ria de mobilitat sostenible a c\u00e0rrec de l&#8217;pressupost de l&#8217;exercici 2019, amb cofinan\u00e7ament de la Uni\u00f3 Europea a trav\u00e9s de Fons Europeu de Desenvolupament Regional.\"}]},{\"@type\":\"WebSite\",\"@id\":\"https:\/\/www.vilademuro.net\/es\/#website\",\"url\":\"https:\/\/www.vilademuro.net\/es\/\",\"name\":\"Ajuntament de Muro d'Alcoi\",\"description\":\"P\u00e1gina web oficial de l&#039;Ajuntament de Muro\",\"publisher\":{\"@id\":\"https:\/\/www.vilademuro.net\/es\/#organization\"},\"potentialAction\":[{\"@type\":\"SearchAction\",\"target\":{\"@type\":\"EntryPoint\",\"urlTemplate\":\"https:\/\/www.vilademuro.net\/es\/?s={search_term_string}\"},\"query-input\":{\"@type\":\"PropertyValueSpecification\",\"valueRequired\":true,\"valueName\":\"search_term_string\"}}],\"inLanguage\":\"es\"},{\"@type\":\"Organization\",\"@id\":\"https:\/\/www.vilademuro.net\/es\/#organization\",\"name\":\"Ajuntament de Muro\",\"url\":\"https:\/\/www.vilademuro.net\/es\/\",\"logo\":{\"@type\":\"ImageObject\",\"inLanguage\":\"es\",\"@id\":\"https:\/\/www.vilademuro.net\/es\/#\/schema\/logo\/image\/\",\"url\":\"https:\/\/www.vilademuro.net\/wp-content\/uploads\/2022\/10\/LOGO3-2.jpg\",\"contentUrl\":\"https:\/\/www.vilademuro.net\/wp-content\/uploads\/2022\/10\/LOGO3-2.jpg\",\"width\":756,\"height\":517,\"caption\":\"Ajuntament de Muro\"},\"image\":{\"@id\":\"https:\/\/www.vilademuro.net\/es\/#\/schema\/logo\/image\/\"},\"sameAs\":[\"https:\/\/www.facebook.com\/murodealcoy\",\"https:\/\/x.com\/AjuntamentMuro\",\"https:\/\/www.youtube.com\/channel\/UC2rwbKfRqsd1Ncwm6Y1prQw\"]},{\"@type\":\"Person\",\"@id\":\"https:\/\/www.vilademuro.net\/es\/#\/schema\/person\/92a089252429baba6bc00faef7be46f3\",\"name\":\"heroe\",\"image\":{\"@type\":\"ImageObject\",\"inLanguage\":\"es\",\"@id\":\"https:\/\/www.vilademuro.net\/es\/#\/schema\/person\/image\/\",\"url\":\"https:\/\/secure.gravatar.com\/avatar\/0ab67314beef5e8b35e969ec310f248c3dab6c22e40846aeccadf9f320d2b455?s=96&d=mm&r=g\",\"contentUrl\":\"https:\/\/secure.gravatar.com\/avatar\/0ab67314beef5e8b35e969ec310f248c3dab6c22e40846aeccadf9f320d2b455?s=96&d=mm&r=g\",\"caption\":\"heroe\"}}]}<\/script>\n<!-- \/ Yoast SEO plugin. -->","yoast_head_json":{"title":"Subvenci\u00f3 dins de la Convocat\u00f2ria d'ajudes en mat\u00e8ria de mobilitat sostenible a c\u00e0rrec de l'pressupost de l'exercici 2019, amb cofinan\u00e7ament de la Uni\u00f3 Europea a trav\u00e9s de Fons Europeu de Desenvolupament Regional. | Ajuntament de Muro","robots":{"index":"index","follow":"follow","max-snippet":"max-snippet:-1","max-image-preview":"max-image-preview:large","max-video-preview":"max-video-preview:-1"},"canonical":"https:\/\/www.vilademuro.net\/es\/subvencio-dins-de-la-convocatoria-dajudes-en-materia-de-mobilitat-sostenible-a-carrec-de-lpressupost-de-lexercici-2019-amb-cofinancament-de-la-unio-europea-a-traves-de-fons-europeu-de-desenvolu\/","og_locale":"es_ES","og_type":"article","og_title":"Subvenci\u00f3 dins de la Convocat\u00f2ria d'ajudes en mat\u00e8ria de mobilitat sostenible a c\u00e0rrec de l'pressupost de l'exercici 2019, amb cofinan\u00e7ament de la Uni\u00f3 Europea a trav\u00e9s de Fons Europeu de Desenvolupament Regional. | Ajuntament de Muro","og_description":"L\u2019 IVACE, entitat adscrita a la Conselleria d&#8217;Economia Sostenible, sectors productius, Comer\u00e7 i Treball de la Generalitat Valenciana, ha concedit subvenci\u00f3 dins de la Convocat\u00f2ria d&#8217;ajudes en mat\u00e8ria de mobilitat [&hellip;]","og_url":"https:\/\/www.vilademuro.net\/es\/subvencio-dins-de-la-convocatoria-dajudes-en-materia-de-mobilitat-sostenible-a-carrec-de-lpressupost-de-lexercici-2019-amb-cofinancament-de-la-unio-europea-a-traves-de-fons-europeu-de-desenvolu\/","og_site_name":"Ajuntament de Muro","article_publisher":"https:\/\/www.facebook.com\/murodealcoy","article_published_time":"2019-12-05T09:50:51+00:00","og_image":[{"width":360,"height":172,"url":"https:\/\/www.vilademuro.net\/wp-content\/uploads\/2019\/12\/logo-generalitat.png","type":"image\/png"}],"author":"heroe","twitter_card":"summary_large_image","twitter_creator":"@AjuntamentMuro","twitter_site":"@AjuntamentMuro","twitter_misc":{"Escrito por":"heroe"},"schema":{"@context":"https:\/\/schema.org","@graph":[{"@type":"Article","@id":"https:\/\/www.vilademuro.net\/es\/subvencio-dins-de-la-convocatoria-dajudes-en-materia-de-mobilitat-sostenible-a-carrec-de-lpressupost-de-lexercici-2019-amb-cofinancament-de-la-unio-europea-a-traves-de-fons-europeu-de-desenvolu\/#article","isPartOf":{"@id":"https:\/\/www.vilademuro.net\/es\/subvencio-dins-de-la-convocatoria-dajudes-en-materia-de-mobilitat-sostenible-a-carrec-de-lpressupost-de-lexercici-2019-amb-cofinancament-de-la-unio-europea-a-traves-de-fons-europeu-de-desenvolu\/"},"author":{"name":"heroe","@id":"https:\/\/www.vilademuro.net\/es\/#\/schema\/person\/92a089252429baba6bc00faef7be46f3"},"headline":"Subvenci\u00f3 dins de la Convocat\u00f2ria d&#8217;ajudes en mat\u00e8ria de mobilitat sostenible a c\u00e0rrec de l&#8217;pressupost de l&#8217;exercici 2019, amb cofinan\u00e7ament de la Uni\u00f3 Europea a trav\u00e9s de Fons Europeu de Desenvolupament Regional.","datePublished":"2019-12-05T09:50:51+00:00","mainEntityOfPage":{"@id":"https:\/\/www.vilademuro.net\/es\/subvencio-dins-de-la-convocatoria-dajudes-en-materia-de-mobilitat-sostenible-a-carrec-de-lpressupost-de-lexercici-2019-amb-cofinancament-de-la-unio-europea-a-traves-de-fons-europeu-de-desenvolu\/"},"wordCount":134,"publisher":{"@id":"https:\/\/www.vilademuro.net\/es\/#organization"},"image":{"@id":"https:\/\/www.vilademuro.net\/es\/subvencio-dins-de-la-convocatoria-dajudes-en-materia-de-mobilitat-sostenible-a-carrec-de-lpressupost-de-lexercici-2019-amb-cofinancament-de-la-unio-europea-a-traves-de-fons-europeu-de-desenvolu\/#primaryimage"},"thumbnailUrl":"https:\/\/www.vilademuro.net\/wp-content\/uploads\/2019\/12\/logo-generalitat.png","articleSection":["Noticias"],"inLanguage":"es"},{"@type":"WebPage","@id":"https:\/\/www.vilademuro.net\/es\/subvencio-dins-de-la-convocatoria-dajudes-en-materia-de-mobilitat-sostenible-a-carrec-de-lpressupost-de-lexercici-2019-amb-cofinancament-de-la-unio-europea-a-traves-de-fons-europeu-de-desenvolu\/","url":"https:\/\/www.vilademuro.net\/es\/subvencio-dins-de-la-convocatoria-dajudes-en-materia-de-mobilitat-sostenible-a-carrec-de-lpressupost-de-lexercici-2019-amb-cofinancament-de-la-unio-europea-a-traves-de-fons-europeu-de-desenvolu\/","name":"Subvenci\u00f3 dins de la Convocat\u00f2ria d'ajudes en mat\u00e8ria de mobilitat sostenible a c\u00e0rrec de l'pressupost de l'exercici 2019, amb cofinan\u00e7ament de la Uni\u00f3 Europea a trav\u00e9s de Fons Europeu de Desenvolupament Regional. | Ajuntament de Muro","isPartOf":{"@id":"https:\/\/www.vilademuro.net\/es\/#website"},"primaryImageOfPage":{"@id":"https:\/\/www.vilademuro.net\/es\/subvencio-dins-de-la-convocatoria-dajudes-en-materia-de-mobilitat-sostenible-a-carrec-de-lpressupost-de-lexercici-2019-amb-cofinancament-de-la-unio-europea-a-traves-de-fons-europeu-de-desenvolu\/#primaryimage"},"image":{"@id":"https:\/\/www.vilademuro.net\/es\/subvencio-dins-de-la-convocatoria-dajudes-en-materia-de-mobilitat-sostenible-a-carrec-de-lpressupost-de-lexercici-2019-amb-cofinancament-de-la-unio-europea-a-traves-de-fons-europeu-de-desenvolu\/#primaryimage"},"thumbnailUrl":"https:\/\/www.vilademuro.net\/wp-content\/uploads\/2019\/12\/logo-generalitat.png","datePublished":"2019-12-05T09:50:51+00:00","breadcrumb":{"@id":"https:\/\/www.vilademuro.net\/es\/subvencio-dins-de-la-convocatoria-dajudes-en-materia-de-mobilitat-sostenible-a-carrec-de-lpressupost-de-lexercici-2019-amb-cofinancament-de-la-unio-europea-a-traves-de-fons-europeu-de-desenvolu\/#breadcrumb"},"inLanguage":"es","potentialAction":[{"@type":"ReadAction","target":["https:\/\/www.vilademuro.net\/es\/subvencio-dins-de-la-convocatoria-dajudes-en-materia-de-mobilitat-sostenible-a-carrec-de-lpressupost-de-lexercici-2019-amb-cofinancament-de-la-unio-europea-a-traves-de-fons-europeu-de-desenvolu\/"]}]},{"@type":"ImageObject","inLanguage":"es","@id":"https:\/\/www.vilademuro.net\/es\/subvencio-dins-de-la-convocatoria-dajudes-en-materia-de-mobilitat-sostenible-a-carrec-de-lpressupost-de-lexercici-2019-amb-cofinancament-de-la-unio-europea-a-traves-de-fons-europeu-de-desenvolu\/#primaryimage","url":"https:\/\/www.vilademuro.net\/wp-content\/uploads\/2019\/12\/logo-generalitat.png","contentUrl":"https:\/\/www.vilademuro.net\/wp-content\/uploads\/2019\/12\/logo-generalitat.png","width":360,"height":172,"caption":"logo generalitat"},{"@type":"BreadcrumbList","@id":"https:\/\/www.vilademuro.net\/es\/subvencio-dins-de-la-convocatoria-dajudes-en-materia-de-mobilitat-sostenible-a-carrec-de-lpressupost-de-lexercici-2019-amb-cofinancament-de-la-unio-europea-a-traves-de-fons-europeu-de-desenvolu\/#breadcrumb","itemListElement":[{"@type":"ListItem","position":1,"name":"Inici","item":"https:\/\/www.vilademuro.net\/es\/"},{"@type":"ListItem","position":2,"name":"Subvenci\u00f3 dins de la Convocat\u00f2ria d&#8217;ajudes en mat\u00e8ria de mobilitat sostenible a c\u00e0rrec de l&#8217;pressupost de l&#8217;exercici 2019, amb cofinan\u00e7ament de la Uni\u00f3 Europea a trav\u00e9s de Fons Europeu de Desenvolupament Regional."}]},{"@type":"WebSite","@id":"https:\/\/www.vilademuro.net\/es\/#website","url":"https:\/\/www.vilademuro.net\/es\/","name":"Ajuntament de Muro d'Alcoi","description":"P\u00e1gina web oficial de l&#039;Ajuntament de Muro","publisher":{"@id":"https:\/\/www.vilademuro.net\/es\/#organization"},"potentialAction":[{"@type":"SearchAction","target":{"@type":"EntryPoint","urlTemplate":"https:\/\/www.vilademuro.net\/es\/?s={search_term_string}"},"query-input":{"@type":"PropertyValueSpecification","valueRequired":true,"valueName":"search_term_string"}}],"inLanguage":"es"},{"@type":"Organization","@id":"https:\/\/www.vilademuro.net\/es\/#organization","name":"Ajuntament de Muro","url":"https:\/\/www.vilademuro.net\/es\/","logo":{"@type":"ImageObject","inLanguage":"es","@id":"https:\/\/www.vilademuro.net\/es\/#\/schema\/logo\/image\/","url":"https:\/\/www.vilademuro.net\/wp-content\/uploads\/2022\/10\/LOGO3-2.jpg","contentUrl":"https:\/\/www.vilademuro.net\/wp-content\/uploads\/2022\/10\/LOGO3-2.jpg","width":756,"height":517,"caption":"Ajuntament de Muro"},"image":{"@id":"https:\/\/www.vilademuro.net\/es\/#\/schema\/logo\/image\/"},"sameAs":["https:\/\/www.facebook.com\/murodealcoy","https:\/\/x.com\/AjuntamentMuro","https:\/\/www.youtube.com\/channel\/UC2rwbKfRqsd1Ncwm6Y1prQw"]},{"@type":"Person","@id":"https:\/\/www.vilademuro.net\/es\/#\/schema\/person\/92a089252429baba6bc00faef7be46f3","name":"heroe","image":{"@type":"ImageObject","inLanguage":"es","@id":"https:\/\/www.vilademuro.net\/es\/#\/schema\/person\/image\/","url":"https:\/\/secure.gravatar.com\/avatar\/0ab67314beef5e8b35e969ec310f248c3dab6c22e40846aeccadf9f320d2b455?s=96&d=mm&r=g","contentUrl":"https:\/\/secure.gravatar.com\/avatar\/0ab67314beef5e8b35e969ec310f248c3dab6c22e40846aeccadf9f320d2b455?s=96&d=mm&r=g","caption":"heroe"}}]}},"_links":{"self":[{"href":"https:\/\/www.vilademuro.net\/es\/wp-json\/wp\/v2\/posts\/37976","targetHints":{"allow":["GET"]}}],"collection":[{"href":"https:\/\/www.vilademuro.net\/es\/wp-json\/wp\/v2\/posts"}],"about":[{"href":"https:\/\/www.vilademuro.net\/es\/wp-json\/wp\/v2\/types\/post"}],"author":[{"embeddable":true,"href":"https:\/\/www.vilademuro.net\/es\/wp-json\/wp\/v2\/users\/1"}],"replies":[{"embeddable":true,"href":"https:\/\/www.vilademuro.net\/es\/wp-json\/wp\/v2\/comments?post=37976"}],"version-history":[{"count":0,"href":"https:\/\/www.vilademuro.net\/es\/wp-json\/wp\/v2\/posts\/37976\/revisions"}],"wp:featuredmedia":[{"embeddable":true,"href":"https:\/\/www.vilademuro.net\/es\/wp-json\/wp\/v2\/media\/30468"}],"wp:attachment":[{"href":"https:\/\/www.vilademuro.net\/es\/wp-json\/wp\/v2\/media?parent=37976"}],"wp:term":[{"taxonomy":"category","embeddable":true,"href":"https:\/\/www.vilademuro.net\/es\/wp-json\/wp\/v2\/categories?post=37976"},{"taxonomy":"post_tag","embeddable":true,"href":"https:\/\/www.vilademuro.net\/es\/wp-json\/wp\/v2\/tags?post=37976"}],"curies":[{"name":"wp","href":"https:\/\/api.w.org\/{rel}","templated":true}]}}