{"id":35082,"date":"2020-01-13T12:39:35","date_gmt":"2020-01-13T11:39:35","guid":{"rendered":"https:\/\/www.vilademuro.net\/sendero-pr-v-184-sierra-del-benicadell\/"},"modified":"2020-04-09T12:55:59","modified_gmt":"2020-04-09T10:55:59","slug":"sendero-pr-v-184-sierra-del-benicadell","status":"publish","type":"post","link":"https:\/\/www.vilademuro.net\/es\/sendero-pr-v-184-sierra-del-benicadell\/","title":{"rendered":"Sendero PR-V 184 Sierra del Benicadell"},"content":{"rendered":"<p>[et_pb_section fb_built=\u00bb1&#8243; admin_label=\u00bbImgdondecomer\u00bb _builder_version=\u00bb4.2.2&#8243; _dynamic_attributes=\u00bbbackground_image\u00bb background_image=\u00bb@ET-DC@eyJkeW5hbWljIjp0cnVlLCJjb250ZW50IjoicG9zdF9mZWF0dXJlZF9pbWFnZSIsInNldHRpbmdzIjp7fX0=@\u00bb width=\u00bb80%\u00bb module_alignment=\u00bbcenter\u00bb height=\u00bb450px\u00bb max_height=\u00bb450px\u00bb custom_padding=\u00bb0px|0px|0px|0px|false|false\u00bb locked=\u00bboff\u00bb][et_pb_row column_structure=\u00bb2_5,3_5&#8243; custom_padding_last_edited=\u00bbon|phone\u00bb _builder_version=\u00bb4.2.2&#8243; custom_margin=\u00bb|-41px||auto||\u00bb custom_margin_tablet=\u00bb|||45px|false|false\u00bb custom_margin_phone=\u00bb|||15px|false|false\u00bb custom_margin_last_edited=\u00bbon|tablet\u00bb custom_padding=\u00bb0px||0px||false|false\u00bb custom_padding_tablet=\u00bb0px||0px||false|false\u00bb custom_padding_phone=\u00bb||||false|false\u00bb use_custom_width=\u00bbon\u00bb width_unit=\u00bboff\u00bb custom_width_percent=\u00bb90%\u00bb][et_pb_column type=\u00bb2_5&#8243; _builder_version=\u00bb4.2.1&#8243; custom_padding_tablet=\u00bb|10vw||\u00bb custom_padding_phone=\u00bb\u00bb custom_padding_last_edited=\u00bbon|tablet\u00bb padding_tablet=\u00bb|10vw||\u00bb padding_last_edited=\u00bbon|tablet\u00bb custom_padding__hover=\u00bb|||\u00bb][\/et_pb_column][et_pb_column type=\u00bb3_5&#8243; _builder_version=\u00bb4.2.2&#8243; background_color=\u00bb#f3f3f3&#8243; background_enable_image=\u00bboff\u00bb background_size=\u00bbcontain\u00bb background_position=\u00bbtop_right\u00bb transform_scale_tablet=\u00bb\u00bb transform_scale_phone=\u00bb\u00bb transform_scale_last_edited=\u00bbon|desktop\u00bb transform_translate=\u00bb2px|-28px\u00bb transform_translate_tablet=\u00bb\u00bb transform_translate_phone=\u00bb\u00bb transform_translate_last_edited=\u00bbon|phone\u00bb transform_rotate_tablet=\u00bb\u00bb transform_rotate_phone=\u00bb\u00bb transform_rotate_last_edited=\u00bbon|desktop\u00bb transform_skew_tablet=\u00bb\u00bb transform_skew_phone=\u00bb\u00bb transform_skew_last_edited=\u00bbon|desktop\u00bb transform_origin_tablet=\u00bb\u00bb transform_origin_phone=\u00bb\u00bb transform_origin_last_edited=\u00bbon|desktop\u00bb transform_styles_last_edited=\u00bbon|phone\u00bb custom_padding=\u00bb6vw||6vw||true|false\u00bb custom_padding_tablet=\u00bb3vw|2vw|3vw|2vw|true|true\u00bb custom_padding_phone=\u00bb\u00bb custom_padding_last_edited=\u00bbon|phone\u00bb transform_styles_tablet=\u00bb\u00bb transform_styles_phone=\u00bb\u00bb box_shadow_style=\u00bbpreset2&#8243; padding_phone=\u00bb40vw||40vw||true\u00bb padding_tablet=\u00bb32vw|10vw|32vw|10vw|true|false\u00bb padding_last_edited=\u00bbon|phone\u00bb custom_padding__hover=\u00bb|||\u00bb custom_padding__hover_enabled=\u00bbon|desktop\u00bb][et_pb_text admin_label=\u00bbInformaci\u00f3 de l&#8217;establiment\u00bb _builder_version=\u00bb4.2.2&#8243; _dynamic_attributes=\u00bbcontent\u00bb text_font=\u00bbOpen Sans|700|||||||\u00bb text_font_size=\u00bb30px\u00bb text_line_height=\u00bb2em\u00bb header_2_font=\u00bbGilda Display|700|||||||\u00bb header_2_font_size=\u00bb30px\u00bb header_2_line_height=\u00bb1.2em\u00bb max_width=\u00bb550px\u00bb custom_padding=\u00bb|||2vw|false|false\u00bb custom_padding_tablet=\u00bb|||0vw|false|false\u00bb custom_padding_phone=\u00bb\u00bb custom_padding_last_edited=\u00bbon|phone\u00bb text_font_size_tablet=\u00bb20px\u00bb text_font_size_phone=\u00bb16px\u00bb text_font_size_last_edited=\u00bbon|desktop\u00bb header_2_font_size_tablet=\u00bb\u00bb header_2_font_size_phone=\u00bb29px\u00bb header_2_font_size_last_edited=\u00bbon|desktop\u00bb z_index_tablet=\u00bb500&#8243; text_text_shadow_horizontal_length_tablet=\u00bb0px\u00bb text_text_shadow_vertical_length_tablet=\u00bb0px\u00bb text_text_shadow_blur_strength_tablet=\u00bb1px\u00bb link_text_shadow_horizontal_length_tablet=\u00bb0px\u00bb link_text_shadow_vertical_length_tablet=\u00bb0px\u00bb link_text_shadow_blur_strength_tablet=\u00bb1px\u00bb ul_text_shadow_horizontal_length_tablet=\u00bb0px\u00bb ul_text_shadow_vertical_length_tablet=\u00bb0px\u00bb ul_text_shadow_blur_strength_tablet=\u00bb1px\u00bb ol_text_shadow_horizontal_length_tablet=\u00bb0px\u00bb ol_text_shadow_vertical_length_tablet=\u00bb0px\u00bb ol_text_shadow_blur_strength_tablet=\u00bb1px\u00bb quote_text_shadow_horizontal_length_tablet=\u00bb0px\u00bb quote_text_shadow_vertical_length_tablet=\u00bb0px\u00bb quote_text_shadow_blur_strength_tablet=\u00bb1px\u00bb header_text_shadow_horizontal_length_tablet=\u00bb0px\u00bb header_text_shadow_vertical_length_tablet=\u00bb0px\u00bb header_text_shadow_blur_strength_tablet=\u00bb1px\u00bb header_2_text_shadow_horizontal_length_tablet=\u00bb0px\u00bb header_2_text_shadow_vertical_length_tablet=\u00bb0px\u00bb header_2_text_shadow_blur_strength_tablet=\u00bb1px\u00bb header_3_text_shadow_horizontal_length_tablet=\u00bb0px\u00bb header_3_text_shadow_vertical_length_tablet=\u00bb0px\u00bb header_3_text_shadow_blur_strength_tablet=\u00bb1px\u00bb header_4_text_shadow_horizontal_length_tablet=\u00bb0px\u00bb header_4_text_shadow_vertical_length_tablet=\u00bb0px\u00bb header_4_text_shadow_blur_strength_tablet=\u00bb1px\u00bb header_5_text_shadow_horizontal_length_tablet=\u00bb0px\u00bb header_5_text_shadow_vertical_length_tablet=\u00bb0px\u00bb header_5_text_shadow_blur_strength_tablet=\u00bb1px\u00bb header_6_text_shadow_horizontal_length_tablet=\u00bb0px\u00bb header_6_text_shadow_vertical_length_tablet=\u00bb0px\u00bb header_6_text_shadow_blur_strength_tablet=\u00bb1px\u00bb box_shadow_horizontal_tablet=\u00bb0px\u00bb box_shadow_vertical_tablet=\u00bb0px\u00bb box_shadow_blur_tablet=\u00bb40px\u00bb box_shadow_spread_tablet=\u00bb0px\u00bb locked=\u00bboff\u00bb]@ET-DC@eyJkeW5hbWljIjp0cnVlLCJjb250ZW50IjoicG9zdF90aXRsZSIsInNldHRpbmdzIjp7ImJlZm9yZSI6IiIsImFmdGVyIjoiIn19@[\/et_pb_text][et_pb_text admin_label=\u00bbtexto resumen\u00bb _builder_version=\u00bb4.2.2&#8243; text_font=\u00bbOpen Sans||||||||\u00bb text_font_size=\u00bb18px\u00bb text_line_height=\u00bb1.8em\u00bb header_2_font=\u00bbGilda Display|700|||||||\u00bb header_2_font_size=\u00bb30px\u00bb header_2_line_height=\u00bb1.2em\u00bb vertical_offset_tablet=\u00bb0&#8243; horizontal_offset_tablet=\u00bb0&#8243; max_width=\u00bb550px\u00bb custom_padding=\u00bb|||2vw|false|false\u00bb custom_padding_tablet=\u00bb|||0vw|false|false\u00bb custom_padding_phone=\u00bb\u00bb custom_padding_last_edited=\u00bbon|phone\u00bb text_font_size_tablet=\u00bb16px\u00bb text_font_size_phone=\u00bb14px\u00bb text_font_size_last_edited=\u00bbon|phone\u00bb header_2_font_size_tablet=\u00bb\u00bb header_2_font_size_phone=\u00bb29px\u00bb header_2_font_size_last_edited=\u00bbon|desktop\u00bb z_index_tablet=\u00bb0&#8243; text_text_shadow_horizontal_length_tablet=\u00bb0px\u00bb text_text_shadow_vertical_length_tablet=\u00bb0px\u00bb text_text_shadow_blur_strength_tablet=\u00bb1px\u00bb link_text_shadow_horizontal_length_tablet=\u00bb0px\u00bb link_text_shadow_vertical_length_tablet=\u00bb0px\u00bb link_text_shadow_blur_strength_tablet=\u00bb1px\u00bb ul_text_shadow_horizontal_length_tablet=\u00bb0px\u00bb ul_text_shadow_vertical_length_tablet=\u00bb0px\u00bb ul_text_shadow_blur_strength_tablet=\u00bb1px\u00bb ol_text_shadow_horizontal_length_tablet=\u00bb0px\u00bb ol_text_shadow_vertical_length_tablet=\u00bb0px\u00bb ol_text_shadow_blur_strength_tablet=\u00bb1px\u00bb quote_text_shadow_horizontal_length_tablet=\u00bb0px\u00bb quote_text_shadow_vertical_length_tablet=\u00bb0px\u00bb quote_text_shadow_blur_strength_tablet=\u00bb1px\u00bb header_text_shadow_horizontal_length_tablet=\u00bb0px\u00bb header_text_shadow_vertical_length_tablet=\u00bb0px\u00bb header_text_shadow_blur_strength_tablet=\u00bb1px\u00bb header_2_text_shadow_horizontal_length_tablet=\u00bb0px\u00bb header_2_text_shadow_vertical_length_tablet=\u00bb0px\u00bb header_2_text_shadow_blur_strength_tablet=\u00bb1px\u00bb header_3_text_shadow_horizontal_length_tablet=\u00bb0px\u00bb header_3_text_shadow_vertical_length_tablet=\u00bb0px\u00bb header_3_text_shadow_blur_strength_tablet=\u00bb1px\u00bb header_4_text_shadow_horizontal_length_tablet=\u00bb0px\u00bb header_4_text_shadow_vertical_length_tablet=\u00bb0px\u00bb header_4_text_shadow_blur_strength_tablet=\u00bb1px\u00bb header_5_text_shadow_horizontal_length_tablet=\u00bb0px\u00bb header_5_text_shadow_vertical_length_tablet=\u00bb0px\u00bb header_5_text_shadow_blur_strength_tablet=\u00bb1px\u00bb header_6_text_shadow_horizontal_length_tablet=\u00bb0px\u00bb header_6_text_shadow_vertical_length_tablet=\u00bb0px\u00bb header_6_text_shadow_blur_strength_tablet=\u00bb1px\u00bb box_shadow_horizontal_tablet=\u00bb0px\u00bb box_shadow_vertical_tablet=\u00bb0px\u00bb box_shadow_blur_tablet=\u00bb40px\u00bb box_shadow_spread_tablet=\u00bb0px\u00bb use_border_color=\u00bboff\u00bb border_color=\u00bb#ffffff\u00bb border_style=\u00bbsolid\u00bb locked=\u00bboff\u00bb]El recorrido se realiza por el sur y el oeste del Benicadell subiendo a la misma, dicho recorrido es un anillo que empieza en la Piscina Municipal al lado del Colegio Bracal de Muro y termina en el mismo sitio.[\/et_pb_text][\/et_pb_column][\/et_pb_row][\/et_pb_section][et_pb_section fb_built=\u00bb1&#8243; _builder_version=\u00bb4.2.2&#8243; width=\u00bb100%\u00bb custom_padding=\u00bb99px||4px|||\u00bb][et_pb_row _builder_version=\u00bb4.2.1&#8243;][et_pb_column type=\u00bb4_4&#8243; _builder_version=\u00bb3.25&#8243; custom_padding=\u00bb|||\u00bb custom_padding__hover=\u00bb|||\u00bb][et_pb_text admin_label=\u00bbM\u00e9s informaci\u00f3\u00bb _builder_version=\u00bb4.2.2&#8243; text_font_size=\u00bb30px\u00bb text_font_size_tablet=\u00bb25px\u00bb text_font_size_phone=\u00bb20px\u00bb text_font_size_last_edited=\u00bbon|phone\u00bb z_index_tablet=\u00bb500&#8243; locked=\u00bboff\u00bb]M\u00e1s informaci\u00f3n<br \/>\n[\/et_pb_text][et_pb_divider color=\u00bb#89AD1D\u00bb divider_weight=\u00bb2px\u00bb _builder_version=\u00bb4.1&#8243; max_width=\u00bb9%\u00bb module_alignment=\u00bbleft\u00bb][\/et_pb_divider][et_pb_text admin_label=\u00bbTextTurismoActivo\u00bb _builder_version=\u00bb4.1&#8243; text_font_size=\u00bb17px\u00bb header_font_size=\u00bb22px\u00bb text_orientation=\u00bbjustified\u00bb custom_padding=\u00bb50px|10px|50px|10px\u00bb z_index_tablet=\u00bb500&#8243; text_text_shadow_horizontal_length_tablet=\u00bb0px\u00bb text_text_shadow_vertical_length_tablet=\u00bb0px\u00bb text_text_shadow_blur_strength_tablet=\u00bb1px\u00bb link_text_shadow_horizontal_length_tablet=\u00bb0px\u00bb link_text_shadow_vertical_length_tablet=\u00bb0px\u00bb link_text_shadow_blur_strength_tablet=\u00bb1px\u00bb ul_text_shadow_horizontal_length_tablet=\u00bb0px\u00bb ul_text_shadow_vertical_length_tablet=\u00bb0px\u00bb ul_text_shadow_blur_strength_tablet=\u00bb1px\u00bb ol_text_shadow_horizontal_length_tablet=\u00bb0px\u00bb ol_text_shadow_vertical_length_tablet=\u00bb0px\u00bb ol_text_shadow_blur_strength_tablet=\u00bb1px\u00bb quote_text_shadow_horizontal_length_tablet=\u00bb0px\u00bb quote_text_shadow_vertical_length_tablet=\u00bb0px\u00bb quote_text_shadow_blur_strength_tablet=\u00bb1px\u00bb header_text_shadow_horizontal_length_tablet=\u00bb0px\u00bb header_text_shadow_vertical_length_tablet=\u00bb0px\u00bb header_text_shadow_blur_strength_tablet=\u00bb1px\u00bb header_2_text_shadow_horizontal_length_tablet=\u00bb0px\u00bb header_2_text_shadow_vertical_length_tablet=\u00bb0px\u00bb header_2_text_shadow_blur_strength_tablet=\u00bb1px\u00bb header_3_text_shadow_horizontal_length_tablet=\u00bb0px\u00bb header_3_text_shadow_vertical_length_tablet=\u00bb0px\u00bb header_3_text_shadow_blur_strength_tablet=\u00bb1px\u00bb header_4_text_shadow_horizontal_length_tablet=\u00bb0px\u00bb header_4_text_shadow_vertical_length_tablet=\u00bb0px\u00bb header_4_text_shadow_blur_strength_tablet=\u00bb1px\u00bb header_5_text_shadow_horizontal_length_tablet=\u00bb0px\u00bb header_5_text_shadow_vertical_length_tablet=\u00bb0px\u00bb header_5_text_shadow_blur_strength_tablet=\u00bb1px\u00bb header_6_text_shadow_horizontal_length_tablet=\u00bb0px\u00bb header_6_text_shadow_vertical_length_tablet=\u00bb0px\u00bb header_6_text_shadow_blur_strength_tablet=\u00bb1px\u00bb box_shadow_horizontal_tablet=\u00bb0px\u00bb box_shadow_vertical_tablet=\u00bb0px\u00bb box_shadow_blur_tablet=\u00bb40px\u00bb box_shadow_spread_tablet=\u00bb0px\u00bb use_border_color=\u00bboff\u00bb border_color=\u00bb#ffffff\u00bb border_style=\u00bbsolid\u00bb]El recorrido se realiza por el sur y el oeste del Benicadell subiendo a la misma, dicho recorrido es un anillo que empieza en la Piscina Municipal al lado del Colegio Bracal de Muro y termina en el mismo sitio. Se pueden realizar en las dos direcciones o sea, subir por Gaianes y bajar por el puerto de Albaida o viceversa.<\/p>\n<p>Se recomienda subir por Gaianes. Para acortar el recorrido se puede emplear dos veh\u00edculos, uno se deja en puerto de Albaida y otro en la Cruz de Gaianes, donde en ambos sitios hay un panel-caseta de informaci\u00f3n, y la marcha se acorta pudiendo ser realizada en una ma\u00f1ana perfectamente.<\/p>\n<p>El recorrido pasa por: el cam\u00ed del Almoroig, explanaci\u00f3n del ferrocarril de Gandia, Turballos, Camino de Gaianes, la Cruz de Gaianes, se sube por el calvario de Gaianes, Ermita de Gaianes, s\u00e9 continua por pista hasta llegar al cruce de la senda donde hay cartel indicador, se toma una senda direcci\u00f3n a la Coveta Llarga, punto de referencia por donde se tiene que pasar muy cerca, por la izquierda de la misma, ir subiendo a salir a lo alto donde se divisa la provincia de Valencia, punto de encuentro con el PR-V 213.3 y PR-V 222 que sube de Adzeneta, buscar el camino a la derecha de subida al Benicadell. Pasaremos por la Cava del Benicadell, despu\u00e9s haremos una peque\u00f1a bajada a buscar el camino de subida al Benicadell. Antes de subir a la Cumbre ir con cuidado por hay un pozo sin protecci\u00f3n de unos 4 metros de profundidad al de las ruinas. Pasaremos por la cresta, tramo con un poco de dificultad. Vistas panor\u00e1micas. Llegando a la cumbre del Benicadell.<\/p>\n<p>Al bajar tomaremos el mismo camino de subida pero ya no pasamos por la cava, tomaremos direcci\u00f3n Oeste a buscar la casa (ruinas) de D. Miguel. Cavas de Carcaixent. Pasaremos por el mismo lado, por la senda a buscar els Fontanars d\u00b4Albaida, de all\u00ed a la N-340, y despu\u00e9s por la cuneta a buscar la antigua N-340 y por la misma a buscar la Caseta Senabre donde hay una fuente, poblaci\u00f3n de Muro, colegio el Bracal.<\/p>\n<p><a href=\"https:\/\/www.vilademuro.net\/wp-content\/uploads\/2020\/01\/sender-prv184.pdf\">Descargar Plano\u00a0<\/a><br \/>\n<iframe loading=\"lazy\" src=\"https:\/\/es.wikiloc.com\/wikiloc\/spatialArtifacts.do?event=view&amp;id=3938989&amp;measures=off&amp;title=off&amp;near=off&amp;images=off&amp;maptype=H\" width=\"500\" height=\"400\" frameborder=\"0\" scrolling=\"no\"><\/iframe><\/p>\n<div style=\"background-color: #fff; color: #777; font-size: 11px; line-height: 16px;\">Powered by <a style=\"color: #06d; font-size: 11px; line-height: 16px;\" href=\"https:\/\/es.wikiloc.com\" target=\"_blank\" rel=\"noopener noreferrer\">Wikiloc<\/a><\/div>\n<p>[\/et_pb_text][\/et_pb_column][\/et_pb_row][\/et_pb_section][et_pb_section fb_built=\u00bb1&#8243; _builder_version=\u00bb4.2.2&#8243;][et_pb_row _builder_version=\u00bb4.2.2&#8243;][et_pb_column type=\u00bb4_4&#8243; _builder_version=\u00bb4.2.2&#8243;][et_pb_divider color=\u00bb#89AD1D\u00bb divider_weight=\u00bb2px\u00bb _builder_version=\u00bb4.2.2&#8243; module_alignment=\u00bbleft\u00bb locked=\u00bboff\u00bb][\/et_pb_divider][\/et_pb_column][\/et_pb_row][et_pb_row column_structure=\u00bb1_4,3_4&#8243; _builder_version=\u00bb4.2.2&#8243;][et_pb_column type=\u00bb1_4&#8243; _builder_version=\u00bb4.2.2&#8243;][et_pb_image src=\u00bb@ET-DC@eyJkeW5hbWljIjp0cnVlLCJjb250ZW50IjoicG9zdF9mZWF0dXJlZF9pbWFnZSIsInNldHRpbmdzIjp7fX0=@\u00bb show_in_lightbox=\u00bbon\u00bb use_overlay=\u00bbon\u00bb overlay_icon_color=\u00bb#89ad1d\u00bb admin_label=\u00bbImgTurismoActivo\u00bb _builder_version=\u00bb4.2.2&#8243; _dynamic_attributes=\u00bbsrc\u00bb vertical_offset_tablet=\u00bb0&#8243; horizontal_offset_tablet=\u00bb0&#8243; z_index_tablet=\u00bb0&#8243; box_shadow_horizontal_tablet=\u00bb0px\u00bb box_shadow_vertical_tablet=\u00bb0px\u00bb box_shadow_blur_tablet=\u00bb40px\u00bb box_shadow_spread_tablet=\u00bb0px\u00bb][\/et_pb_image][\/et_pb_column][et_pb_column type=\u00bb3_4&#8243; _builder_version=\u00bb4.2.2&#8243;][\/et_pb_column][\/et_pb_row][\/et_pb_section]<\/p>\n","protected":false},"excerpt":{"rendered":"<p>El recorrido se realiza por el sur y el oeste del Benicadell subiendo a la misma, dicho recorrido es un anillo que empieza en la Piscina Municipal al lado del [&hellip;]<\/p>\n","protected":false},"author":1,"featured_media":38421,"comment_status":"closed","ping_status":"closed","sticky":false,"template":"","format":"standard","meta":{"_et_pb_use_builder":"on","_et_pb_old_content":"","_et_gb_content_width":"","footnotes":""},"categories":[128,52,84],"tags":[],"class_list":["post-35082","post","type-post","status-publish","format-standard","has-post-thumbnail","hentry","category-senderos","category-turisme-es","category-turismo-activo"],"yoast_head":"<!-- This site is optimized with the Yoast SEO plugin v27.1.1 - https:\/\/yoast.com\/product\/yoast-seo-wordpress\/ -->\n<title>Sendero PR-V 184 Sierra del Benicadell | Ajuntament de Muro<\/title>\n<meta name=\"robots\" content=\"index, follow, max-snippet:-1, max-image-preview:large, max-video-preview:-1\" \/>\n<link rel=\"canonical\" href=\"https:\/\/www.vilademuro.net\/es\/sendero-pr-v-184-sierra-del-benicadell\/\" \/>\n<meta property=\"og:locale\" content=\"es_ES\" \/>\n<meta property=\"og:type\" content=\"article\" \/>\n<meta property=\"og:title\" content=\"Sendero PR-V 184 Sierra del Benicadell | Ajuntament de Muro\" \/>\n<meta property=\"og:description\" content=\"El recorrido se realiza por el sur y el oeste del Benicadell subiendo a la misma, dicho recorrido es un anillo que empieza en la Piscina Municipal al lado del [&hellip;]\" \/>\n<meta property=\"og:url\" content=\"https:\/\/www.vilademuro.net\/es\/sendero-pr-v-184-sierra-del-benicadell\/\" \/>\n<meta property=\"og:site_name\" content=\"Ajuntament de Muro\" \/>\n<meta property=\"article:publisher\" content=\"https:\/\/www.facebook.com\/murodealcoy\" \/>\n<meta property=\"article:published_time\" content=\"2020-01-13T11:39:35+00:00\" \/>\n<meta property=\"article:modified_time\" content=\"2020-04-09T10:55:59+00:00\" \/>\n<meta property=\"og:image\" content=\"https:\/\/www.vilademuro.net\/wp-content\/uploads\/2020\/01\/benicadell.jpg\" \/>\n\t<meta property=\"og:image:width\" content=\"1280\" \/>\n\t<meta property=\"og:image:height\" content=\"960\" \/>\n\t<meta property=\"og:image:type\" content=\"image\/jpeg\" \/>\n<meta name=\"author\" content=\"heroe\" \/>\n<meta name=\"twitter:card\" content=\"summary_large_image\" \/>\n<meta name=\"twitter:creator\" content=\"@AjuntamentMuro\" \/>\n<meta name=\"twitter:site\" content=\"@AjuntamentMuro\" \/>\n<meta name=\"twitter:label1\" content=\"Escrito por\" \/>\n\t<meta name=\"twitter:data1\" content=\"heroe\" \/>\n\t<meta name=\"twitter:label2\" content=\"Tiempo de lectura\" \/>\n\t<meta name=\"twitter:data2\" content=\"10 minutos\" \/>\n<script type=\"application\/ld+json\" class=\"yoast-schema-graph\">{\"@context\":\"https:\/\/schema.org\",\"@graph\":[{\"@type\":\"Article\",\"@id\":\"https:\/\/www.vilademuro.net\/es\/sendero-pr-v-184-sierra-del-benicadell\/#article\",\"isPartOf\":{\"@id\":\"https:\/\/www.vilademuro.net\/es\/sendero-pr-v-184-sierra-del-benicadell\/\"},\"author\":{\"name\":\"heroe\",\"@id\":\"https:\/\/www.vilademuro.net\/es\/#\/schema\/person\/92a089252429baba6bc00faef7be46f3\"},\"headline\":\"Sendero PR-V 184 Sierra del Benicadell\",\"datePublished\":\"2020-01-13T11:39:35+00:00\",\"dateModified\":\"2020-04-09T10:55:59+00:00\",\"mainEntityOfPage\":{\"@id\":\"https:\/\/www.vilademuro.net\/es\/sendero-pr-v-184-sierra-del-benicadell\/\"},\"wordCount\":1984,\"publisher\":{\"@id\":\"https:\/\/www.vilademuro.net\/es\/#organization\"},\"image\":{\"@id\":\"https:\/\/www.vilademuro.net\/es\/sendero-pr-v-184-sierra-del-benicadell\/#primaryimage\"},\"thumbnailUrl\":\"https:\/\/www.vilademuro.net\/wp-content\/uploads\/2020\/01\/benicadell.jpg\",\"articleSection\":[\"Senderos\",\"Turismo\",\"Turismo activo\"],\"inLanguage\":\"es\"},{\"@type\":\"WebPage\",\"@id\":\"https:\/\/www.vilademuro.net\/es\/sendero-pr-v-184-sierra-del-benicadell\/\",\"url\":\"https:\/\/www.vilademuro.net\/es\/sendero-pr-v-184-sierra-del-benicadell\/\",\"name\":\"Sendero PR-V 184 Sierra del Benicadell | Ajuntament de Muro\",\"isPartOf\":{\"@id\":\"https:\/\/www.vilademuro.net\/es\/#website\"},\"primaryImageOfPage\":{\"@id\":\"https:\/\/www.vilademuro.net\/es\/sendero-pr-v-184-sierra-del-benicadell\/#primaryimage\"},\"image\":{\"@id\":\"https:\/\/www.vilademuro.net\/es\/sendero-pr-v-184-sierra-del-benicadell\/#primaryimage\"},\"thumbnailUrl\":\"https:\/\/www.vilademuro.net\/wp-content\/uploads\/2020\/01\/benicadell.jpg\",\"datePublished\":\"2020-01-13T11:39:35+00:00\",\"dateModified\":\"2020-04-09T10:55:59+00:00\",\"breadcrumb\":{\"@id\":\"https:\/\/www.vilademuro.net\/es\/sendero-pr-v-184-sierra-del-benicadell\/#breadcrumb\"},\"inLanguage\":\"es\",\"potentialAction\":[{\"@type\":\"ReadAction\",\"target\":[\"https:\/\/www.vilademuro.net\/es\/sendero-pr-v-184-sierra-del-benicadell\/\"]}]},{\"@type\":\"ImageObject\",\"inLanguage\":\"es\",\"@id\":\"https:\/\/www.vilademuro.net\/es\/sendero-pr-v-184-sierra-del-benicadell\/#primaryimage\",\"url\":\"https:\/\/www.vilademuro.net\/wp-content\/uploads\/2020\/01\/benicadell.jpg\",\"contentUrl\":\"https:\/\/www.vilademuro.net\/wp-content\/uploads\/2020\/01\/benicadell.jpg\",\"width\":1280,\"height\":960},{\"@type\":\"BreadcrumbList\",\"@id\":\"https:\/\/www.vilademuro.net\/es\/sendero-pr-v-184-sierra-del-benicadell\/#breadcrumb\",\"itemListElement\":[{\"@type\":\"ListItem\",\"position\":1,\"name\":\"Inici\",\"item\":\"https:\/\/www.vilademuro.net\/es\/\"},{\"@type\":\"ListItem\",\"position\":2,\"name\":\"Sendero PR-V 184 Sierra del Benicadell\"}]},{\"@type\":\"WebSite\",\"@id\":\"https:\/\/www.vilademuro.net\/es\/#website\",\"url\":\"https:\/\/www.vilademuro.net\/es\/\",\"name\":\"Ajuntament de Muro d'Alcoi\",\"description\":\"P\u00e1gina web oficial de l&#039;Ajuntament de Muro\",\"publisher\":{\"@id\":\"https:\/\/www.vilademuro.net\/es\/#organization\"},\"potentialAction\":[{\"@type\":\"SearchAction\",\"target\":{\"@type\":\"EntryPoint\",\"urlTemplate\":\"https:\/\/www.vilademuro.net\/es\/?s={search_term_string}\"},\"query-input\":{\"@type\":\"PropertyValueSpecification\",\"valueRequired\":true,\"valueName\":\"search_term_string\"}}],\"inLanguage\":\"es\"},{\"@type\":\"Organization\",\"@id\":\"https:\/\/www.vilademuro.net\/es\/#organization\",\"name\":\"Ajuntament de Muro\",\"url\":\"https:\/\/www.vilademuro.net\/es\/\",\"logo\":{\"@type\":\"ImageObject\",\"inLanguage\":\"es\",\"@id\":\"https:\/\/www.vilademuro.net\/es\/#\/schema\/logo\/image\/\",\"url\":\"https:\/\/www.vilademuro.net\/wp-content\/uploads\/2022\/10\/LOGO3-2.jpg\",\"contentUrl\":\"https:\/\/www.vilademuro.net\/wp-content\/uploads\/2022\/10\/LOGO3-2.jpg\",\"width\":756,\"height\":517,\"caption\":\"Ajuntament de Muro\"},\"image\":{\"@id\":\"https:\/\/www.vilademuro.net\/es\/#\/schema\/logo\/image\/\"},\"sameAs\":[\"https:\/\/www.facebook.com\/murodealcoy\",\"https:\/\/x.com\/AjuntamentMuro\",\"https:\/\/www.youtube.com\/channel\/UC2rwbKfRqsd1Ncwm6Y1prQw\"]},{\"@type\":\"Person\",\"@id\":\"https:\/\/www.vilademuro.net\/es\/#\/schema\/person\/92a089252429baba6bc00faef7be46f3\",\"name\":\"heroe\",\"image\":{\"@type\":\"ImageObject\",\"inLanguage\":\"es\",\"@id\":\"https:\/\/www.vilademuro.net\/es\/#\/schema\/person\/image\/\",\"url\":\"https:\/\/secure.gravatar.com\/avatar\/0ab67314beef5e8b35e969ec310f248c3dab6c22e40846aeccadf9f320d2b455?s=96&d=mm&r=g\",\"contentUrl\":\"https:\/\/secure.gravatar.com\/avatar\/0ab67314beef5e8b35e969ec310f248c3dab6c22e40846aeccadf9f320d2b455?s=96&d=mm&r=g\",\"caption\":\"heroe\"}}]}<\/script>\n<!-- \/ Yoast SEO plugin. -->","yoast_head_json":{"title":"Sendero PR-V 184 Sierra del Benicadell | Ajuntament de Muro","robots":{"index":"index","follow":"follow","max-snippet":"max-snippet:-1","max-image-preview":"max-image-preview:large","max-video-preview":"max-video-preview:-1"},"canonical":"https:\/\/www.vilademuro.net\/es\/sendero-pr-v-184-sierra-del-benicadell\/","og_locale":"es_ES","og_type":"article","og_title":"Sendero PR-V 184 Sierra del Benicadell | Ajuntament de Muro","og_description":"El recorrido se realiza por el sur y el oeste del Benicadell subiendo a la misma, dicho recorrido es un anillo que empieza en la Piscina Municipal al lado del [&hellip;]","og_url":"https:\/\/www.vilademuro.net\/es\/sendero-pr-v-184-sierra-del-benicadell\/","og_site_name":"Ajuntament de Muro","article_publisher":"https:\/\/www.facebook.com\/murodealcoy","article_published_time":"2020-01-13T11:39:35+00:00","article_modified_time":"2020-04-09T10:55:59+00:00","og_image":[{"width":1280,"height":960,"url":"https:\/\/www.vilademuro.net\/wp-content\/uploads\/2020\/01\/benicadell.jpg","type":"image\/jpeg"}],"author":"heroe","twitter_card":"summary_large_image","twitter_creator":"@AjuntamentMuro","twitter_site":"@AjuntamentMuro","twitter_misc":{"Escrito por":"heroe","Tiempo de lectura":"10 minutos"},"schema":{"@context":"https:\/\/schema.org","@graph":[{"@type":"Article","@id":"https:\/\/www.vilademuro.net\/es\/sendero-pr-v-184-sierra-del-benicadell\/#article","isPartOf":{"@id":"https:\/\/www.vilademuro.net\/es\/sendero-pr-v-184-sierra-del-benicadell\/"},"author":{"name":"heroe","@id":"https:\/\/www.vilademuro.net\/es\/#\/schema\/person\/92a089252429baba6bc00faef7be46f3"},"headline":"Sendero PR-V 184 Sierra del Benicadell","datePublished":"2020-01-13T11:39:35+00:00","dateModified":"2020-04-09T10:55:59+00:00","mainEntityOfPage":{"@id":"https:\/\/www.vilademuro.net\/es\/sendero-pr-v-184-sierra-del-benicadell\/"},"wordCount":1984,"publisher":{"@id":"https:\/\/www.vilademuro.net\/es\/#organization"},"image":{"@id":"https:\/\/www.vilademuro.net\/es\/sendero-pr-v-184-sierra-del-benicadell\/#primaryimage"},"thumbnailUrl":"https:\/\/www.vilademuro.net\/wp-content\/uploads\/2020\/01\/benicadell.jpg","articleSection":["Senderos","Turismo","Turismo activo"],"inLanguage":"es"},{"@type":"WebPage","@id":"https:\/\/www.vilademuro.net\/es\/sendero-pr-v-184-sierra-del-benicadell\/","url":"https:\/\/www.vilademuro.net\/es\/sendero-pr-v-184-sierra-del-benicadell\/","name":"Sendero PR-V 184 Sierra del Benicadell | Ajuntament de Muro","isPartOf":{"@id":"https:\/\/www.vilademuro.net\/es\/#website"},"primaryImageOfPage":{"@id":"https:\/\/www.vilademuro.net\/es\/sendero-pr-v-184-sierra-del-benicadell\/#primaryimage"},"image":{"@id":"https:\/\/www.vilademuro.net\/es\/sendero-pr-v-184-sierra-del-benicadell\/#primaryimage"},"thumbnailUrl":"https:\/\/www.vilademuro.net\/wp-content\/uploads\/2020\/01\/benicadell.jpg","datePublished":"2020-01-13T11:39:35+00:00","dateModified":"2020-04-09T10:55:59+00:00","breadcrumb":{"@id":"https:\/\/www.vilademuro.net\/es\/sendero-pr-v-184-sierra-del-benicadell\/#breadcrumb"},"inLanguage":"es","potentialAction":[{"@type":"ReadAction","target":["https:\/\/www.vilademuro.net\/es\/sendero-pr-v-184-sierra-del-benicadell\/"]}]},{"@type":"ImageObject","inLanguage":"es","@id":"https:\/\/www.vilademuro.net\/es\/sendero-pr-v-184-sierra-del-benicadell\/#primaryimage","url":"https:\/\/www.vilademuro.net\/wp-content\/uploads\/2020\/01\/benicadell.jpg","contentUrl":"https:\/\/www.vilademuro.net\/wp-content\/uploads\/2020\/01\/benicadell.jpg","width":1280,"height":960},{"@type":"BreadcrumbList","@id":"https:\/\/www.vilademuro.net\/es\/sendero-pr-v-184-sierra-del-benicadell\/#breadcrumb","itemListElement":[{"@type":"ListItem","position":1,"name":"Inici","item":"https:\/\/www.vilademuro.net\/es\/"},{"@type":"ListItem","position":2,"name":"Sendero PR-V 184 Sierra del Benicadell"}]},{"@type":"WebSite","@id":"https:\/\/www.vilademuro.net\/es\/#website","url":"https:\/\/www.vilademuro.net\/es\/","name":"Ajuntament de Muro d'Alcoi","description":"P\u00e1gina web oficial de l&#039;Ajuntament de Muro","publisher":{"@id":"https:\/\/www.vilademuro.net\/es\/#organization"},"potentialAction":[{"@type":"SearchAction","target":{"@type":"EntryPoint","urlTemplate":"https:\/\/www.vilademuro.net\/es\/?s={search_term_string}"},"query-input":{"@type":"PropertyValueSpecification","valueRequired":true,"valueName":"search_term_string"}}],"inLanguage":"es"},{"@type":"Organization","@id":"https:\/\/www.vilademuro.net\/es\/#organization","name":"Ajuntament de Muro","url":"https:\/\/www.vilademuro.net\/es\/","logo":{"@type":"ImageObject","inLanguage":"es","@id":"https:\/\/www.vilademuro.net\/es\/#\/schema\/logo\/image\/","url":"https:\/\/www.vilademuro.net\/wp-content\/uploads\/2022\/10\/LOGO3-2.jpg","contentUrl":"https:\/\/www.vilademuro.net\/wp-content\/uploads\/2022\/10\/LOGO3-2.jpg","width":756,"height":517,"caption":"Ajuntament de Muro"},"image":{"@id":"https:\/\/www.vilademuro.net\/es\/#\/schema\/logo\/image\/"},"sameAs":["https:\/\/www.facebook.com\/murodealcoy","https:\/\/x.com\/AjuntamentMuro","https:\/\/www.youtube.com\/channel\/UC2rwbKfRqsd1Ncwm6Y1prQw"]},{"@type":"Person","@id":"https:\/\/www.vilademuro.net\/es\/#\/schema\/person\/92a089252429baba6bc00faef7be46f3","name":"heroe","image":{"@type":"ImageObject","inLanguage":"es","@id":"https:\/\/www.vilademuro.net\/es\/#\/schema\/person\/image\/","url":"https:\/\/secure.gravatar.com\/avatar\/0ab67314beef5e8b35e969ec310f248c3dab6c22e40846aeccadf9f320d2b455?s=96&d=mm&r=g","contentUrl":"https:\/\/secure.gravatar.com\/avatar\/0ab67314beef5e8b35e969ec310f248c3dab6c22e40846aeccadf9f320d2b455?s=96&d=mm&r=g","caption":"heroe"}}]}},"_links":{"self":[{"href":"https:\/\/www.vilademuro.net\/es\/wp-json\/wp\/v2\/posts\/35082","targetHints":{"allow":["GET"]}}],"collection":[{"href":"https:\/\/www.vilademuro.net\/es\/wp-json\/wp\/v2\/posts"}],"about":[{"href":"https:\/\/www.vilademuro.net\/es\/wp-json\/wp\/v2\/types\/post"}],"author":[{"embeddable":true,"href":"https:\/\/www.vilademuro.net\/es\/wp-json\/wp\/v2\/users\/1"}],"replies":[{"embeddable":true,"href":"https:\/\/www.vilademuro.net\/es\/wp-json\/wp\/v2\/comments?post=35082"}],"version-history":[{"count":0,"href":"https:\/\/www.vilademuro.net\/es\/wp-json\/wp\/v2\/posts\/35082\/revisions"}],"wp:featuredmedia":[{"embeddable":true,"href":"https:\/\/www.vilademuro.net\/es\/wp-json\/wp\/v2\/media\/38421"}],"wp:attachment":[{"href":"https:\/\/www.vilademuro.net\/es\/wp-json\/wp\/v2\/media?parent=35082"}],"wp:term":[{"taxonomy":"category","embeddable":true,"href":"https:\/\/www.vilademuro.net\/es\/wp-json\/wp\/v2\/categories?post=35082"},{"taxonomy":"post_tag","embeddable":true,"href":"https:\/\/www.vilademuro.net\/es\/wp-json\/wp\/v2\/tags?post=35082"}],"curies":[{"name":"wp","href":"https:\/\/api.w.org\/{rel}","templated":true}]}}