{"id":35072,"date":"2020-01-13T13:08:30","date_gmt":"2020-01-13T12:08:30","guid":{"rendered":"https:\/\/www.vilademuro.net\/ruta-de-las-pedanias-ruta-ecologica\/"},"modified":"2020-04-22T09:09:53","modified_gmt":"2020-04-22T07:09:53","slug":"ruta-de-las-pedanias-ruta-ecologica","status":"publish","type":"post","link":"https:\/\/www.vilademuro.net\/es\/ruta-de-las-pedanias-ruta-ecologica\/","title":{"rendered":"Ruta de las pedanias. Ruta ecol\u00f3gica"},"content":{"rendered":"<p>[et_pb_section fb_built=\u00bb1&#8243; admin_label=\u00bbImgdondecomer\u00bb _builder_version=\u00bb4.4.2&#8243; _dynamic_attributes=\u00bbbackground_image\u00bb background_image=\u00bb@ET-DC@eyJkeW5hbWljIjp0cnVlLCJjb250ZW50IjoicG9zdF9mZWF0dXJlZF9pbWFnZSIsInNldHRpbmdzIjp7fX0=@\u00bb width=\u00bb80%\u00bb module_alignment=\u00bbcenter\u00bb height=\u00bb450px\u00bb max_height=\u00bb450px\u00bb custom_padding=\u00bb0px|0px|0px|0px|false|false\u00bb hover_enabled=\u00bb0&#8243; locked=\u00bboff\u00bb][et_pb_row column_structure=\u00bb2_5,3_5&#8243; custom_padding_last_edited=\u00bbon|phone\u00bb _builder_version=\u00bb4.2.2&#8243; custom_margin=\u00bb|-41px||auto||\u00bb custom_margin_tablet=\u00bb|||45px|false|false\u00bb custom_margin_phone=\u00bb|||15px|false|false\u00bb custom_margin_last_edited=\u00bbon|tablet\u00bb custom_padding=\u00bb0px||0px||false|false\u00bb custom_padding_tablet=\u00bb0px||0px||false|false\u00bb custom_padding_phone=\u00bb||||false|false\u00bb use_custom_width=\u00bbon\u00bb width_unit=\u00bboff\u00bb custom_width_percent=\u00bb90%\u00bb][et_pb_column type=\u00bb2_5&#8243; _builder_version=\u00bb4.2.1&#8243; custom_padding_tablet=\u00bb|10vw||\u00bb custom_padding_phone=\u00bb\u00bb custom_padding_last_edited=\u00bbon|tablet\u00bb padding_tablet=\u00bb|10vw||\u00bb padding_last_edited=\u00bbon|tablet\u00bb custom_padding__hover=\u00bb|||\u00bb][\/et_pb_column][et_pb_column type=\u00bb3_5&#8243; _builder_version=\u00bb4.2.2&#8243; background_color=\u00bb#f3f3f3&#8243; background_enable_image=\u00bboff\u00bb background_size=\u00bbcontain\u00bb background_position=\u00bbtop_right\u00bb transform_scale_tablet=\u00bb\u00bb transform_scale_phone=\u00bb\u00bb transform_scale_last_edited=\u00bbon|desktop\u00bb transform_translate=\u00bb2px|-28px\u00bb transform_translate_tablet=\u00bb\u00bb transform_translate_phone=\u00bb\u00bb transform_translate_last_edited=\u00bbon|phone\u00bb transform_rotate_tablet=\u00bb\u00bb transform_rotate_phone=\u00bb\u00bb transform_rotate_last_edited=\u00bbon|desktop\u00bb transform_skew_tablet=\u00bb\u00bb transform_skew_phone=\u00bb\u00bb transform_skew_last_edited=\u00bbon|desktop\u00bb transform_origin_tablet=\u00bb\u00bb transform_origin_phone=\u00bb\u00bb transform_origin_last_edited=\u00bbon|desktop\u00bb transform_styles_last_edited=\u00bbon|phone\u00bb custom_padding=\u00bb6vw||6vw||true|false\u00bb custom_padding_tablet=\u00bb3vw|2vw|3vw|2vw|true|true\u00bb custom_padding_phone=\u00bb\u00bb custom_padding_last_edited=\u00bbon|phone\u00bb transform_styles_tablet=\u00bb\u00bb transform_styles_phone=\u00bb\u00bb box_shadow_style=\u00bbpreset2&#8243; padding_phone=\u00bb40vw||40vw||true\u00bb padding_tablet=\u00bb32vw|10vw|32vw|10vw|true|false\u00bb padding_last_edited=\u00bbon|phone\u00bb custom_padding__hover=\u00bb|||\u00bb custom_padding__hover_enabled=\u00bbon|desktop\u00bb][et_pb_text admin_label=\u00bbInformaci\u00f3 de l&#8217;establiment\u00bb _builder_version=\u00bb4.2.2&#8243; _dynamic_attributes=\u00bbcontent\u00bb text_font=\u00bbOpen Sans|700|||||||\u00bb text_font_size=\u00bb30px\u00bb text_line_height=\u00bb2em\u00bb header_2_font=\u00bbGilda Display|700|||||||\u00bb header_2_font_size=\u00bb30px\u00bb header_2_line_height=\u00bb1.2em\u00bb max_width=\u00bb550px\u00bb custom_padding=\u00bb|||2vw|false|false\u00bb custom_padding_tablet=\u00bb|||0vw|false|false\u00bb custom_padding_phone=\u00bb\u00bb custom_padding_last_edited=\u00bbon|phone\u00bb text_font_size_tablet=\u00bb20px\u00bb text_font_size_phone=\u00bb16px\u00bb text_font_size_last_edited=\u00bbon|desktop\u00bb header_2_font_size_tablet=\u00bb\u00bb header_2_font_size_phone=\u00bb29px\u00bb header_2_font_size_last_edited=\u00bbon|desktop\u00bb z_index_tablet=\u00bb500&#8243; text_text_shadow_horizontal_length_tablet=\u00bb0px\u00bb text_text_shadow_vertical_length_tablet=\u00bb0px\u00bb text_text_shadow_blur_strength_tablet=\u00bb1px\u00bb link_text_shadow_horizontal_length_tablet=\u00bb0px\u00bb link_text_shadow_vertical_length_tablet=\u00bb0px\u00bb link_text_shadow_blur_strength_tablet=\u00bb1px\u00bb ul_text_shadow_horizontal_length_tablet=\u00bb0px\u00bb ul_text_shadow_vertical_length_tablet=\u00bb0px\u00bb ul_text_shadow_blur_strength_tablet=\u00bb1px\u00bb ol_text_shadow_horizontal_length_tablet=\u00bb0px\u00bb ol_text_shadow_vertical_length_tablet=\u00bb0px\u00bb ol_text_shadow_blur_strength_tablet=\u00bb1px\u00bb quote_text_shadow_horizontal_length_tablet=\u00bb0px\u00bb quote_text_shadow_vertical_length_tablet=\u00bb0px\u00bb quote_text_shadow_blur_strength_tablet=\u00bb1px\u00bb header_text_shadow_horizontal_length_tablet=\u00bb0px\u00bb header_text_shadow_vertical_length_tablet=\u00bb0px\u00bb header_text_shadow_blur_strength_tablet=\u00bb1px\u00bb header_2_text_shadow_horizontal_length_tablet=\u00bb0px\u00bb header_2_text_shadow_vertical_length_tablet=\u00bb0px\u00bb header_2_text_shadow_blur_strength_tablet=\u00bb1px\u00bb header_3_text_shadow_horizontal_length_tablet=\u00bb0px\u00bb header_3_text_shadow_vertical_length_tablet=\u00bb0px\u00bb header_3_text_shadow_blur_strength_tablet=\u00bb1px\u00bb header_4_text_shadow_horizontal_length_tablet=\u00bb0px\u00bb header_4_text_shadow_vertical_length_tablet=\u00bb0px\u00bb header_4_text_shadow_blur_strength_tablet=\u00bb1px\u00bb header_5_text_shadow_horizontal_length_tablet=\u00bb0px\u00bb header_5_text_shadow_vertical_length_tablet=\u00bb0px\u00bb header_5_text_shadow_blur_strength_tablet=\u00bb1px\u00bb header_6_text_shadow_horizontal_length_tablet=\u00bb0px\u00bb header_6_text_shadow_vertical_length_tablet=\u00bb0px\u00bb header_6_text_shadow_blur_strength_tablet=\u00bb1px\u00bb box_shadow_horizontal_tablet=\u00bb0px\u00bb box_shadow_vertical_tablet=\u00bb0px\u00bb box_shadow_blur_tablet=\u00bb40px\u00bb box_shadow_spread_tablet=\u00bb0px\u00bb locked=\u00bboff\u00bb]@ET-DC@eyJkeW5hbWljIjp0cnVlLCJjb250ZW50IjoicG9zdF90aXRsZSIsInNldHRpbmdzIjp7ImJlZm9yZSI6IiIsImFmdGVyIjoiIn19@[\/et_pb_text][et_pb_text admin_label=\u00bbtexto resumen\u00bb _builder_version=\u00bb4.2.2&#8243; text_font=\u00bbOpen Sans||||||||\u00bb text_font_size=\u00bb18px\u00bb text_line_height=\u00bb1.8em\u00bb header_2_font=\u00bbGilda Display|700|||||||\u00bb header_2_font_size=\u00bb30px\u00bb header_2_line_height=\u00bb1.2em\u00bb vertical_offset_tablet=\u00bb0&#8243; horizontal_offset_tablet=\u00bb0&#8243; max_width=\u00bb550px\u00bb custom_padding=\u00bb|||2vw|false|false\u00bb custom_padding_tablet=\u00bb|||0vw|false|false\u00bb custom_padding_phone=\u00bb\u00bb custom_padding_last_edited=\u00bbon|phone\u00bb text_font_size_tablet=\u00bb16px\u00bb text_font_size_phone=\u00bb14px\u00bb text_font_size_last_edited=\u00bbon|phone\u00bb header_2_font_size_tablet=\u00bb\u00bb header_2_font_size_phone=\u00bb29px\u00bb header_2_font_size_last_edited=\u00bbon|desktop\u00bb z_index_tablet=\u00bb0&#8243; text_text_shadow_horizontal_length_tablet=\u00bb0px\u00bb text_text_shadow_vertical_length_tablet=\u00bb0px\u00bb text_text_shadow_blur_strength_tablet=\u00bb1px\u00bb link_text_shadow_horizontal_length_tablet=\u00bb0px\u00bb link_text_shadow_vertical_length_tablet=\u00bb0px\u00bb link_text_shadow_blur_strength_tablet=\u00bb1px\u00bb ul_text_shadow_horizontal_length_tablet=\u00bb0px\u00bb ul_text_shadow_vertical_length_tablet=\u00bb0px\u00bb ul_text_shadow_blur_strength_tablet=\u00bb1px\u00bb ol_text_shadow_horizontal_length_tablet=\u00bb0px\u00bb ol_text_shadow_vertical_length_tablet=\u00bb0px\u00bb ol_text_shadow_blur_strength_tablet=\u00bb1px\u00bb quote_text_shadow_horizontal_length_tablet=\u00bb0px\u00bb quote_text_shadow_vertical_length_tablet=\u00bb0px\u00bb quote_text_shadow_blur_strength_tablet=\u00bb1px\u00bb header_text_shadow_horizontal_length_tablet=\u00bb0px\u00bb header_text_shadow_vertical_length_tablet=\u00bb0px\u00bb header_text_shadow_blur_strength_tablet=\u00bb1px\u00bb header_2_text_shadow_horizontal_length_tablet=\u00bb0px\u00bb header_2_text_shadow_vertical_length_tablet=\u00bb0px\u00bb header_2_text_shadow_blur_strength_tablet=\u00bb1px\u00bb header_3_text_shadow_horizontal_length_tablet=\u00bb0px\u00bb header_3_text_shadow_vertical_length_tablet=\u00bb0px\u00bb header_3_text_shadow_blur_strength_tablet=\u00bb1px\u00bb header_4_text_shadow_horizontal_length_tablet=\u00bb0px\u00bb header_4_text_shadow_vertical_length_tablet=\u00bb0px\u00bb header_4_text_shadow_blur_strength_tablet=\u00bb1px\u00bb header_5_text_shadow_horizontal_length_tablet=\u00bb0px\u00bb header_5_text_shadow_vertical_length_tablet=\u00bb0px\u00bb header_5_text_shadow_blur_strength_tablet=\u00bb1px\u00bb header_6_text_shadow_horizontal_length_tablet=\u00bb0px\u00bb header_6_text_shadow_vertical_length_tablet=\u00bb0px\u00bb header_6_text_shadow_blur_strength_tablet=\u00bb1px\u00bb box_shadow_horizontal_tablet=\u00bb0px\u00bb box_shadow_vertical_tablet=\u00bb0px\u00bb box_shadow_blur_tablet=\u00bb40px\u00bb box_shadow_spread_tablet=\u00bb0px\u00bb use_border_color=\u00bboff\u00bb border_color=\u00bb#ffffff\u00bb border_style=\u00bbsolid\u00bb locked=\u00bboff\u00bb]Hay caminos y pistas que van de una pedan\u00eda a otra, durante el recorrido hay algunos cruces con se\u00f1ales indicadoras de distancia desde un lugar a otro.<br \/>\n[\/et_pb_text][\/et_pb_column][\/et_pb_row][\/et_pb_section][et_pb_section fb_built=\u00bb1&#8243; _builder_version=\u00bb4.2.2&#8243; width=\u00bb100%\u00bb custom_padding=\u00bb99px||4px|||\u00bb][et_pb_row _builder_version=\u00bb4.2.1&#8243;][et_pb_column type=\u00bb4_4&#8243; _builder_version=\u00bb3.25&#8243; custom_padding=\u00bb|||\u00bb custom_padding__hover=\u00bb|||\u00bb][et_pb_text admin_label=\u00bbM\u00e9s informaci\u00f3\u00bb _builder_version=\u00bb4.2.2&#8243; text_font_size=\u00bb30px\u00bb text_font_size_tablet=\u00bb25px\u00bb text_font_size_phone=\u00bb20px\u00bb text_font_size_last_edited=\u00bbon|phone\u00bb z_index_tablet=\u00bb500&#8243; locked=\u00bboff\u00bb]M\u00e1s informaci\u00f3n<br \/>\n[\/et_pb_text][et_pb_divider color=\u00bb#89AD1D\u00bb divider_weight=\u00bb2px\u00bb _builder_version=\u00bb4.1&#8243; max_width=\u00bb9%\u00bb module_alignment=\u00bbleft\u00bb][\/et_pb_divider][et_pb_text admin_label=\u00bbTextTurismoActivo\u00bb _builder_version=\u00bb4.2.2&#8243; text_font_size=\u00bb17px\u00bb header_font_size=\u00bb22px\u00bb vertical_offset_tablet=\u00bb0&#8243; horizontal_offset_tablet=\u00bb0&#8243; text_orientation=\u00bbjustified\u00bb custom_padding=\u00bb50px|10px|50px|10px\u00bb z_index_tablet=\u00bb500&#8243; text_text_shadow_horizontal_length_tablet=\u00bb0px\u00bb text_text_shadow_vertical_length_tablet=\u00bb0px\u00bb text_text_shadow_blur_strength_tablet=\u00bb1px\u00bb link_text_shadow_horizontal_length_tablet=\u00bb0px\u00bb link_text_shadow_vertical_length_tablet=\u00bb0px\u00bb link_text_shadow_blur_strength_tablet=\u00bb1px\u00bb ul_text_shadow_horizontal_length_tablet=\u00bb0px\u00bb ul_text_shadow_vertical_length_tablet=\u00bb0px\u00bb ul_text_shadow_blur_strength_tablet=\u00bb1px\u00bb ol_text_shadow_horizontal_length_tablet=\u00bb0px\u00bb ol_text_shadow_vertical_length_tablet=\u00bb0px\u00bb ol_text_shadow_blur_strength_tablet=\u00bb1px\u00bb quote_text_shadow_horizontal_length_tablet=\u00bb0px\u00bb quote_text_shadow_vertical_length_tablet=\u00bb0px\u00bb quote_text_shadow_blur_strength_tablet=\u00bb1px\u00bb header_text_shadow_horizontal_length_tablet=\u00bb0px\u00bb header_text_shadow_vertical_length_tablet=\u00bb0px\u00bb header_text_shadow_blur_strength_tablet=\u00bb1px\u00bb header_2_text_shadow_horizontal_length_tablet=\u00bb0px\u00bb header_2_text_shadow_vertical_length_tablet=\u00bb0px\u00bb header_2_text_shadow_blur_strength_tablet=\u00bb1px\u00bb header_3_text_shadow_horizontal_length_tablet=\u00bb0px\u00bb header_3_text_shadow_vertical_length_tablet=\u00bb0px\u00bb header_3_text_shadow_blur_strength_tablet=\u00bb1px\u00bb header_4_text_shadow_horizontal_length_tablet=\u00bb0px\u00bb header_4_text_shadow_vertical_length_tablet=\u00bb0px\u00bb header_4_text_shadow_blur_strength_tablet=\u00bb1px\u00bb header_5_text_shadow_horizontal_length_tablet=\u00bb0px\u00bb header_5_text_shadow_vertical_length_tablet=\u00bb0px\u00bb header_5_text_shadow_blur_strength_tablet=\u00bb1px\u00bb header_6_text_shadow_horizontal_length_tablet=\u00bb0px\u00bb header_6_text_shadow_vertical_length_tablet=\u00bb0px\u00bb header_6_text_shadow_blur_strength_tablet=\u00bb1px\u00bb box_shadow_horizontal_tablet=\u00bb0px\u00bb box_shadow_vertical_tablet=\u00bb0px\u00bb box_shadow_blur_tablet=\u00bb40px\u00bb box_shadow_spread_tablet=\u00bb0px\u00bb use_border_color=\u00bboff\u00bb border_color=\u00bb#ffffff\u00bb border_style=\u00bbsolid\u00bb]<strong>Total recorrido 15.390 metros<\/strong><br \/>\n<strong>Tiempo 3 horas y 45 minutos<\/strong><\/p>\n<p>La ruta comienza en la carretera de Setla de Nunyes, concretamente a la entrada del Polideportivo Municipal donde hay un panel informativo de la ruta. Dicho recorrido recorre las Pedan\u00edas de Muro; Alquerieta Jorda, Ben\u00e0mer, Setla de Nunyes y Turballos, pasando por la Font del Baladre (\u00e1rea recreativa). Hay caminos y pistas que van de una pedan\u00eda a otra, durante el recorrido hay algunos cruces con se\u00f1ales indicadoras de distancia desde un lugar a otro.<\/p>\n<p>La primera pedan\u00eda se encuentra a 972 metros de la salida, es L\u00b4alquerieta Jorda, a una altitud de 374metros. Pasaremos por la \u00fanica calle con una longitud de 83metros, y seguiremos. Despu\u00e9s de pasar diversos cruces encontraremos una se\u00f1al indicadora \u201cBen\u00e0mer-Setla- Moli Pedro\u201d, (si decidimos ir a Benamer (830metros) la vuelta es por el mismo camino).<\/p>\n<p>Ben\u00e0mer, nombre de origen \u00e1rabe, se encuentra a una altitud de 360metros y a 1km de Muro en direcci\u00f3n a Benimarfull. De la se\u00f1al indicadora al Moli de Pedro hay 285 metros, despu\u00e9s vendr\u00e1 el cruce de Alcocer-Benimarfull-Setla de Nunyes.<\/p>\n<p>Setla de Nunyes se encuentra a una altitud de 386 metros y a 1km de Muro en direcci\u00f3n Beniarr\u00e9s, al margen del r\u00edo Agres. Cuando pasemos por esta pedan\u00eda veremos un cartel indicando la direcci\u00f3n hacia Turballos a 3622metros de distancia.<\/p>\n<p>Turballos situada a los pies y a la parte meridional de la Monta\u00f1a del Benicadell, a una altitud de 460 metros. De Turballos nos dirigiremos a la Font del Baladre que esta a una distancia de 3.653metros y a una altitud de 450 metros.<\/p>\n<p>El \u00e1rea recreativa Font del Baladre se sit\u00faa al margen del r\u00edo Agres, en el paraje conocido como \u201cl\u00b4Estret d\u00b4Agres\u201d. Desde aqu\u00ed se observa una magnifica panor\u00e1mica de la Sierra de Mariola y de la Sierra del Benicadell, ambas sierras son zonas protegidas debido a que tienen un gran valor ecol\u00f3gico y la conexi\u00f3n entre ellas es a trav\u00e9s de un corredor ecol\u00f3gico, por donde discurre el tramo final de dicha ruta. Este corredor esta constituido por un h\u00e1bitat caracter\u00edstico, la zona de la ribera y zonas de agua, adem\u00e1s se encuentra diversidad de representantes de flora y fauna.<\/p>\n<p>La ruta discurre por este corredor, pasando por el paraje Els Fontanars, hasta llegar a la antigua N-340. Aqu\u00ed cogeremos el carril bici hasta volver seg\u00fan indicaci\u00f3n al margen del r\u00edo y seguiremos caminando hacia el puente del cam\u00ed Senabre y cambiaremos al otro lado del r\u00edo. Atravesaremos una gran chopada y veremos lo que queda del puente de hierro por donde pasaba el tren Xitxarra. Nos encontraremos con el puente de l\u00b4Almoroig en la intersecci\u00f3n del camino viejo de Turballos y continuaremos por el otro margen del r\u00edo Agres hasta llegar al carril bici. Si elegimos ir a la izquierda llegaremos a la pedan\u00eda de Setla de Nunyes y si vamos a la derecha pasaremos por Instituto IES Sierra Mariola, Casa de Ferro y al centro de Muro.<\/p>\n<p><a href=\"https:\/\/www.vilademuro.net\/wp-content\/uploads\/2020\/01\/sender-ruta-pedanies.pdf\">Descargar plano<\/a><\/p>\n<p><iframe loading=\"lazy\" src=\"https:\/\/es.wikiloc.com\/wikiloc\/spatialArtifacts.do?event=view&amp;id=3804221&amp;measures=off&amp;title=off&amp;near=off&amp;images=off&amp;maptype=H\" width=\"500\" height=\"400\" frameborder=\"0\" scrolling=\"no\"><\/iframe><\/p>\n<div style=\"background-color: #fff; color: #777; font-size: 11px; line-height: 16px;\">Powered by <a style=\"color: #06d; font-size: 11px; line-height: 16px;\" href=\"https:\/\/es.wikiloc.com\" target=\"_blank\" rel=\"noopener noreferrer\">Wikiloc<\/a><\/div>\n<p>[\/et_pb_text][\/et_pb_column][\/et_pb_row][\/et_pb_section][et_pb_section fb_built=\u00bb1&#8243; _builder_version=\u00bb4.2.2&#8243;][et_pb_row _builder_version=\u00bb4.2.2&#8243;][et_pb_column type=\u00bb4_4&#8243; _builder_version=\u00bb4.2.2&#8243;][et_pb_divider color=\u00bb#89AD1D\u00bb divider_weight=\u00bb2px\u00bb _builder_version=\u00bb4.2.2&#8243; module_alignment=\u00bbleft\u00bb locked=\u00bboff\u00bb][\/et_pb_divider][\/et_pb_column][\/et_pb_row][et_pb_row column_structure=\u00bb1_4,3_4&#8243; _builder_version=\u00bb4.2.2&#8243;][et_pb_column type=\u00bb1_4&#8243; _builder_version=\u00bb4.2.2&#8243;][et_pb_image src=\u00bb@ET-DC@eyJkeW5hbWljIjp0cnVlLCJjb250ZW50IjoicG9zdF9mZWF0dXJlZF9pbWFnZSIsInNldHRpbmdzIjp7fX0=@\u00bb show_in_lightbox=\u00bbon\u00bb use_overlay=\u00bbon\u00bb overlay_icon_color=\u00bb#89ad1d\u00bb admin_label=\u00bbImgTurismoActivo\u00bb _builder_version=\u00bb4.2.2&#8243; _dynamic_attributes=\u00bbsrc\u00bb vertical_offset_tablet=\u00bb0&#8243; horizontal_offset_tablet=\u00bb0&#8243; z_index_tablet=\u00bb0&#8243; box_shadow_horizontal_tablet=\u00bb0px\u00bb box_shadow_vertical_tablet=\u00bb0px\u00bb box_shadow_blur_tablet=\u00bb40px\u00bb box_shadow_spread_tablet=\u00bb0px\u00bb][\/et_pb_image][\/et_pb_column][et_pb_column type=\u00bb3_4&#8243; _builder_version=\u00bb4.2.2&#8243;][\/et_pb_column][\/et_pb_row][\/et_pb_section]<\/p>\n","protected":false},"excerpt":{"rendered":"<p>Hay caminos y pistas que van de una pedan\u00eda a otra, durante el recorrido hay algunos cruces con se\u00f1ales indicadoras de distancia desde un lugar a otro. M\u00e1s informaci\u00f3n Total [&hellip;]<\/p>\n","protected":false},"author":1,"featured_media":38423,"comment_status":"closed","ping_status":"closed","sticky":false,"template":"","format":"standard","meta":{"_et_pb_use_builder":"on","_et_pb_old_content":"","_et_gb_content_width":"","footnotes":""},"categories":[128,52,84],"tags":[],"class_list":["post-35072","post","type-post","status-publish","format-standard","has-post-thumbnail","hentry","category-senderos","category-turisme-es","category-turismo-activo"],"yoast_head":"<!-- This site is optimized with the Yoast SEO plugin v27.1.1 - https:\/\/yoast.com\/product\/yoast-seo-wordpress\/ -->\n<title>Ruta de las pedanias. Ruta ecol\u00f3gica | Ajuntament de Muro<\/title>\n<meta name=\"robots\" content=\"index, follow, max-snippet:-1, max-image-preview:large, max-video-preview:-1\" \/>\n<link rel=\"canonical\" href=\"https:\/\/www.vilademuro.net\/es\/ruta-de-las-pedanias-ruta-ecologica\/\" \/>\n<meta property=\"og:locale\" content=\"es_ES\" \/>\n<meta property=\"og:type\" content=\"article\" \/>\n<meta property=\"og:title\" content=\"Ruta de las pedanias. Ruta ecol\u00f3gica | Ajuntament de Muro\" \/>\n<meta property=\"og:description\" content=\"Hay caminos y pistas que van de una pedan\u00eda a otra, durante el recorrido hay algunos cruces con se\u00f1ales indicadoras de distancia desde un lugar a otro. M\u00e1s informaci\u00f3n Total [&hellip;]\" \/>\n<meta property=\"og:url\" content=\"https:\/\/www.vilademuro.net\/es\/ruta-de-las-pedanias-ruta-ecologica\/\" \/>\n<meta property=\"og:site_name\" content=\"Ajuntament de Muro\" \/>\n<meta property=\"article:publisher\" content=\"https:\/\/www.facebook.com\/murodealcoy\" \/>\n<meta property=\"article:published_time\" content=\"2020-01-13T12:08:30+00:00\" \/>\n<meta property=\"article:modified_time\" content=\"2020-04-22T07:09:53+00:00\" \/>\n<meta property=\"og:image\" content=\"https:\/\/www.vilademuro.net\/wp-content\/uploads\/2020\/01\/muro.jpg\" \/>\n\t<meta property=\"og:image:width\" content=\"2048\" \/>\n\t<meta property=\"og:image:height\" content=\"1528\" \/>\n\t<meta property=\"og:image:type\" content=\"image\/jpeg\" \/>\n<meta name=\"author\" content=\"heroe\" \/>\n<meta name=\"twitter:card\" content=\"summary_large_image\" \/>\n<meta name=\"twitter:creator\" content=\"@AjuntamentMuro\" \/>\n<meta name=\"twitter:site\" content=\"@AjuntamentMuro\" \/>\n<meta name=\"twitter:label1\" content=\"Escrito por\" \/>\n\t<meta name=\"twitter:data1\" content=\"heroe\" \/>\n\t<meta name=\"twitter:label2\" content=\"Tiempo de lectura\" \/>\n\t<meta name=\"twitter:data2\" content=\"11 minutos\" \/>\n<script type=\"application\/ld+json\" class=\"yoast-schema-graph\">{\"@context\":\"https:\/\/schema.org\",\"@graph\":[{\"@type\":\"Article\",\"@id\":\"https:\/\/www.vilademuro.net\/es\/ruta-de-las-pedanias-ruta-ecologica\/#article\",\"isPartOf\":{\"@id\":\"https:\/\/www.vilademuro.net\/es\/ruta-de-las-pedanias-ruta-ecologica\/\"},\"author\":{\"name\":\"heroe\",\"@id\":\"https:\/\/www.vilademuro.net\/es\/#\/schema\/person\/92a089252429baba6bc00faef7be46f3\"},\"headline\":\"Ruta de las pedanias. Ruta ecol\u00f3gica\",\"datePublished\":\"2020-01-13T12:08:30+00:00\",\"dateModified\":\"2020-04-22T07:09:53+00:00\",\"mainEntityOfPage\":{\"@id\":\"https:\/\/www.vilademuro.net\/es\/ruta-de-las-pedanias-ruta-ecologica\/\"},\"wordCount\":2140,\"publisher\":{\"@id\":\"https:\/\/www.vilademuro.net\/es\/#organization\"},\"image\":{\"@id\":\"https:\/\/www.vilademuro.net\/es\/ruta-de-las-pedanias-ruta-ecologica\/#primaryimage\"},\"thumbnailUrl\":\"https:\/\/www.vilademuro.net\/wp-content\/uploads\/2020\/01\/muro.jpg\",\"articleSection\":[\"Senderos\",\"Turismo\",\"Turismo activo\"],\"inLanguage\":\"es\"},{\"@type\":\"WebPage\",\"@id\":\"https:\/\/www.vilademuro.net\/es\/ruta-de-las-pedanias-ruta-ecologica\/\",\"url\":\"https:\/\/www.vilademuro.net\/es\/ruta-de-las-pedanias-ruta-ecologica\/\",\"name\":\"Ruta de las pedanias. Ruta ecol\u00f3gica | Ajuntament de Muro\",\"isPartOf\":{\"@id\":\"https:\/\/www.vilademuro.net\/es\/#website\"},\"primaryImageOfPage\":{\"@id\":\"https:\/\/www.vilademuro.net\/es\/ruta-de-las-pedanias-ruta-ecologica\/#primaryimage\"},\"image\":{\"@id\":\"https:\/\/www.vilademuro.net\/es\/ruta-de-las-pedanias-ruta-ecologica\/#primaryimage\"},\"thumbnailUrl\":\"https:\/\/www.vilademuro.net\/wp-content\/uploads\/2020\/01\/muro.jpg\",\"datePublished\":\"2020-01-13T12:08:30+00:00\",\"dateModified\":\"2020-04-22T07:09:53+00:00\",\"breadcrumb\":{\"@id\":\"https:\/\/www.vilademuro.net\/es\/ruta-de-las-pedanias-ruta-ecologica\/#breadcrumb\"},\"inLanguage\":\"es\",\"potentialAction\":[{\"@type\":\"ReadAction\",\"target\":[\"https:\/\/www.vilademuro.net\/es\/ruta-de-las-pedanias-ruta-ecologica\/\"]}]},{\"@type\":\"ImageObject\",\"inLanguage\":\"es\",\"@id\":\"https:\/\/www.vilademuro.net\/es\/ruta-de-las-pedanias-ruta-ecologica\/#primaryimage\",\"url\":\"https:\/\/www.vilademuro.net\/wp-content\/uploads\/2020\/01\/muro.jpg\",\"contentUrl\":\"https:\/\/www.vilademuro.net\/wp-content\/uploads\/2020\/01\/muro.jpg\",\"width\":2048,\"height\":1528},{\"@type\":\"BreadcrumbList\",\"@id\":\"https:\/\/www.vilademuro.net\/es\/ruta-de-las-pedanias-ruta-ecologica\/#breadcrumb\",\"itemListElement\":[{\"@type\":\"ListItem\",\"position\":1,\"name\":\"Inici\",\"item\":\"https:\/\/www.vilademuro.net\/es\/\"},{\"@type\":\"ListItem\",\"position\":2,\"name\":\"Ruta de las pedanias. Ruta ecol\u00f3gica\"}]},{\"@type\":\"WebSite\",\"@id\":\"https:\/\/www.vilademuro.net\/es\/#website\",\"url\":\"https:\/\/www.vilademuro.net\/es\/\",\"name\":\"Ajuntament de Muro d'Alcoi\",\"description\":\"P\u00e1gina web oficial de l&#039;Ajuntament de Muro\",\"publisher\":{\"@id\":\"https:\/\/www.vilademuro.net\/es\/#organization\"},\"potentialAction\":[{\"@type\":\"SearchAction\",\"target\":{\"@type\":\"EntryPoint\",\"urlTemplate\":\"https:\/\/www.vilademuro.net\/es\/?s={search_term_string}\"},\"query-input\":{\"@type\":\"PropertyValueSpecification\",\"valueRequired\":true,\"valueName\":\"search_term_string\"}}],\"inLanguage\":\"es\"},{\"@type\":\"Organization\",\"@id\":\"https:\/\/www.vilademuro.net\/es\/#organization\",\"name\":\"Ajuntament de Muro\",\"url\":\"https:\/\/www.vilademuro.net\/es\/\",\"logo\":{\"@type\":\"ImageObject\",\"inLanguage\":\"es\",\"@id\":\"https:\/\/www.vilademuro.net\/es\/#\/schema\/logo\/image\/\",\"url\":\"https:\/\/www.vilademuro.net\/wp-content\/uploads\/2022\/10\/LOGO3-2.jpg\",\"contentUrl\":\"https:\/\/www.vilademuro.net\/wp-content\/uploads\/2022\/10\/LOGO3-2.jpg\",\"width\":756,\"height\":517,\"caption\":\"Ajuntament de Muro\"},\"image\":{\"@id\":\"https:\/\/www.vilademuro.net\/es\/#\/schema\/logo\/image\/\"},\"sameAs\":[\"https:\/\/www.facebook.com\/murodealcoy\",\"https:\/\/x.com\/AjuntamentMuro\",\"https:\/\/www.youtube.com\/channel\/UC2rwbKfRqsd1Ncwm6Y1prQw\"]},{\"@type\":\"Person\",\"@id\":\"https:\/\/www.vilademuro.net\/es\/#\/schema\/person\/92a089252429baba6bc00faef7be46f3\",\"name\":\"heroe\",\"image\":{\"@type\":\"ImageObject\",\"inLanguage\":\"es\",\"@id\":\"https:\/\/www.vilademuro.net\/es\/#\/schema\/person\/image\/\",\"url\":\"https:\/\/secure.gravatar.com\/avatar\/0ab67314beef5e8b35e969ec310f248c3dab6c22e40846aeccadf9f320d2b455?s=96&d=mm&r=g\",\"contentUrl\":\"https:\/\/secure.gravatar.com\/avatar\/0ab67314beef5e8b35e969ec310f248c3dab6c22e40846aeccadf9f320d2b455?s=96&d=mm&r=g\",\"caption\":\"heroe\"}}]}<\/script>\n<!-- \/ Yoast SEO plugin. -->","yoast_head_json":{"title":"Ruta de las pedanias. Ruta ecol\u00f3gica | Ajuntament de Muro","robots":{"index":"index","follow":"follow","max-snippet":"max-snippet:-1","max-image-preview":"max-image-preview:large","max-video-preview":"max-video-preview:-1"},"canonical":"https:\/\/www.vilademuro.net\/es\/ruta-de-las-pedanias-ruta-ecologica\/","og_locale":"es_ES","og_type":"article","og_title":"Ruta de las pedanias. Ruta ecol\u00f3gica | Ajuntament de Muro","og_description":"Hay caminos y pistas que van de una pedan\u00eda a otra, durante el recorrido hay algunos cruces con se\u00f1ales indicadoras de distancia desde un lugar a otro. M\u00e1s informaci\u00f3n Total [&hellip;]","og_url":"https:\/\/www.vilademuro.net\/es\/ruta-de-las-pedanias-ruta-ecologica\/","og_site_name":"Ajuntament de Muro","article_publisher":"https:\/\/www.facebook.com\/murodealcoy","article_published_time":"2020-01-13T12:08:30+00:00","article_modified_time":"2020-04-22T07:09:53+00:00","og_image":[{"width":2048,"height":1528,"url":"https:\/\/www.vilademuro.net\/wp-content\/uploads\/2020\/01\/muro.jpg","type":"image\/jpeg"}],"author":"heroe","twitter_card":"summary_large_image","twitter_creator":"@AjuntamentMuro","twitter_site":"@AjuntamentMuro","twitter_misc":{"Escrito por":"heroe","Tiempo de lectura":"11 minutos"},"schema":{"@context":"https:\/\/schema.org","@graph":[{"@type":"Article","@id":"https:\/\/www.vilademuro.net\/es\/ruta-de-las-pedanias-ruta-ecologica\/#article","isPartOf":{"@id":"https:\/\/www.vilademuro.net\/es\/ruta-de-las-pedanias-ruta-ecologica\/"},"author":{"name":"heroe","@id":"https:\/\/www.vilademuro.net\/es\/#\/schema\/person\/92a089252429baba6bc00faef7be46f3"},"headline":"Ruta de las pedanias. Ruta ecol\u00f3gica","datePublished":"2020-01-13T12:08:30+00:00","dateModified":"2020-04-22T07:09:53+00:00","mainEntityOfPage":{"@id":"https:\/\/www.vilademuro.net\/es\/ruta-de-las-pedanias-ruta-ecologica\/"},"wordCount":2140,"publisher":{"@id":"https:\/\/www.vilademuro.net\/es\/#organization"},"image":{"@id":"https:\/\/www.vilademuro.net\/es\/ruta-de-las-pedanias-ruta-ecologica\/#primaryimage"},"thumbnailUrl":"https:\/\/www.vilademuro.net\/wp-content\/uploads\/2020\/01\/muro.jpg","articleSection":["Senderos","Turismo","Turismo activo"],"inLanguage":"es"},{"@type":"WebPage","@id":"https:\/\/www.vilademuro.net\/es\/ruta-de-las-pedanias-ruta-ecologica\/","url":"https:\/\/www.vilademuro.net\/es\/ruta-de-las-pedanias-ruta-ecologica\/","name":"Ruta de las pedanias. Ruta ecol\u00f3gica | Ajuntament de Muro","isPartOf":{"@id":"https:\/\/www.vilademuro.net\/es\/#website"},"primaryImageOfPage":{"@id":"https:\/\/www.vilademuro.net\/es\/ruta-de-las-pedanias-ruta-ecologica\/#primaryimage"},"image":{"@id":"https:\/\/www.vilademuro.net\/es\/ruta-de-las-pedanias-ruta-ecologica\/#primaryimage"},"thumbnailUrl":"https:\/\/www.vilademuro.net\/wp-content\/uploads\/2020\/01\/muro.jpg","datePublished":"2020-01-13T12:08:30+00:00","dateModified":"2020-04-22T07:09:53+00:00","breadcrumb":{"@id":"https:\/\/www.vilademuro.net\/es\/ruta-de-las-pedanias-ruta-ecologica\/#breadcrumb"},"inLanguage":"es","potentialAction":[{"@type":"ReadAction","target":["https:\/\/www.vilademuro.net\/es\/ruta-de-las-pedanias-ruta-ecologica\/"]}]},{"@type":"ImageObject","inLanguage":"es","@id":"https:\/\/www.vilademuro.net\/es\/ruta-de-las-pedanias-ruta-ecologica\/#primaryimage","url":"https:\/\/www.vilademuro.net\/wp-content\/uploads\/2020\/01\/muro.jpg","contentUrl":"https:\/\/www.vilademuro.net\/wp-content\/uploads\/2020\/01\/muro.jpg","width":2048,"height":1528},{"@type":"BreadcrumbList","@id":"https:\/\/www.vilademuro.net\/es\/ruta-de-las-pedanias-ruta-ecologica\/#breadcrumb","itemListElement":[{"@type":"ListItem","position":1,"name":"Inici","item":"https:\/\/www.vilademuro.net\/es\/"},{"@type":"ListItem","position":2,"name":"Ruta de las pedanias. Ruta ecol\u00f3gica"}]},{"@type":"WebSite","@id":"https:\/\/www.vilademuro.net\/es\/#website","url":"https:\/\/www.vilademuro.net\/es\/","name":"Ajuntament de Muro d'Alcoi","description":"P\u00e1gina web oficial de l&#039;Ajuntament de Muro","publisher":{"@id":"https:\/\/www.vilademuro.net\/es\/#organization"},"potentialAction":[{"@type":"SearchAction","target":{"@type":"EntryPoint","urlTemplate":"https:\/\/www.vilademuro.net\/es\/?s={search_term_string}"},"query-input":{"@type":"PropertyValueSpecification","valueRequired":true,"valueName":"search_term_string"}}],"inLanguage":"es"},{"@type":"Organization","@id":"https:\/\/www.vilademuro.net\/es\/#organization","name":"Ajuntament de Muro","url":"https:\/\/www.vilademuro.net\/es\/","logo":{"@type":"ImageObject","inLanguage":"es","@id":"https:\/\/www.vilademuro.net\/es\/#\/schema\/logo\/image\/","url":"https:\/\/www.vilademuro.net\/wp-content\/uploads\/2022\/10\/LOGO3-2.jpg","contentUrl":"https:\/\/www.vilademuro.net\/wp-content\/uploads\/2022\/10\/LOGO3-2.jpg","width":756,"height":517,"caption":"Ajuntament de Muro"},"image":{"@id":"https:\/\/www.vilademuro.net\/es\/#\/schema\/logo\/image\/"},"sameAs":["https:\/\/www.facebook.com\/murodealcoy","https:\/\/x.com\/AjuntamentMuro","https:\/\/www.youtube.com\/channel\/UC2rwbKfRqsd1Ncwm6Y1prQw"]},{"@type":"Person","@id":"https:\/\/www.vilademuro.net\/es\/#\/schema\/person\/92a089252429baba6bc00faef7be46f3","name":"heroe","image":{"@type":"ImageObject","inLanguage":"es","@id":"https:\/\/www.vilademuro.net\/es\/#\/schema\/person\/image\/","url":"https:\/\/secure.gravatar.com\/avatar\/0ab67314beef5e8b35e969ec310f248c3dab6c22e40846aeccadf9f320d2b455?s=96&d=mm&r=g","contentUrl":"https:\/\/secure.gravatar.com\/avatar\/0ab67314beef5e8b35e969ec310f248c3dab6c22e40846aeccadf9f320d2b455?s=96&d=mm&r=g","caption":"heroe"}}]}},"_links":{"self":[{"href":"https:\/\/www.vilademuro.net\/es\/wp-json\/wp\/v2\/posts\/35072","targetHints":{"allow":["GET"]}}],"collection":[{"href":"https:\/\/www.vilademuro.net\/es\/wp-json\/wp\/v2\/posts"}],"about":[{"href":"https:\/\/www.vilademuro.net\/es\/wp-json\/wp\/v2\/types\/post"}],"author":[{"embeddable":true,"href":"https:\/\/www.vilademuro.net\/es\/wp-json\/wp\/v2\/users\/1"}],"replies":[{"embeddable":true,"href":"https:\/\/www.vilademuro.net\/es\/wp-json\/wp\/v2\/comments?post=35072"}],"version-history":[{"count":0,"href":"https:\/\/www.vilademuro.net\/es\/wp-json\/wp\/v2\/posts\/35072\/revisions"}],"wp:featuredmedia":[{"embeddable":true,"href":"https:\/\/www.vilademuro.net\/es\/wp-json\/wp\/v2\/media\/38423"}],"wp:attachment":[{"href":"https:\/\/www.vilademuro.net\/es\/wp-json\/wp\/v2\/media?parent=35072"}],"wp:term":[{"taxonomy":"category","embeddable":true,"href":"https:\/\/www.vilademuro.net\/es\/wp-json\/wp\/v2\/categories?post=35072"},{"taxonomy":"post_tag","embeddable":true,"href":"https:\/\/www.vilademuro.net\/es\/wp-json\/wp\/v2\/tags?post=35072"}],"curies":[{"name":"wp","href":"https:\/\/api.w.org\/{rel}","templated":true}]}}