{"id":31122,"date":"2019-12-16T13:20:42","date_gmt":"2019-12-16T13:20:42","guid":{"rendered":"https:\/\/www.vilademuro.net\/xii-horas-deportivas\/"},"modified":"2019-12-16T13:20:42","modified_gmt":"2019-12-16T13:20:42","slug":"xii-horas-deportivas","status":"publish","type":"post","link":"https:\/\/www.vilademuro.net\/es\/xii-horas-deportivas\/","title":{"rendered":"XII Horas Deportivas"},"content":{"rendered":"<p>El pr\u00f3ximo 23 de mayo se celebraran las XII Horas Deportivas de Muro. Como todos los a\u00f1os, es un evento deportivo en el que los alumnos de las escuelas deportivas municipales hacen acto de presencia en las diferentes modalidades deportivas. Este a\u00f1o como novedades, tendremos el XIX Trofeu de Gimnasia Art\u00edstica y R\u00edtmica, que se realizar\u00e1 de 12 hasta las 13, y la entrega de trofeus que se llevar\u00e1 a cabo a las 19:45 en el pabell\u00f3n cubierto. Y para cerrar las XII Horas, se realizaran las exibiciones de patinaje art\u00edstico. AH!! Y como olvidarse, de las atracciones que habr\u00e1n durante todo el dia, castillos hinchables, futbol\u00edn humano, wii,y un largo etc\u00e9tera para que los ni\u00f1os se diviertant durante todo el dia. Os esperamos el pr\u00f3ximo 24 de mayo!!!<\/p>\n","protected":false},"excerpt":{"rendered":"<p>El pr\u00f3ximo 23 de mayo se celebraran las XII Horas Deportivas de Muro. Como todos los a\u00f1os, es un evento deportivo en el que los alumnos de las escuelas deportivas [&hellip;]<\/p>\n","protected":false},"author":2,"featured_media":31091,"comment_status":"closed","ping_status":"closed","sticky":false,"template":"","format":"standard","meta":{"_et_pb_use_builder":"","_et_pb_old_content":"","_et_gb_content_width":"","footnotes":""},"categories":[59,49],"tags":[],"class_list":["post-31122","post","type-post","status-publish","format-standard","has-post-thumbnail","hentry","category-esports-es","category-noticias"],"yoast_head":"<!-- This site is optimized with the Yoast SEO plugin v27.1.1 - https:\/\/yoast.com\/product\/yoast-seo-wordpress\/ -->\n<title>XII Horas Deportivas | Ajuntament de Muro<\/title>\n<meta name=\"robots\" content=\"index, follow, max-snippet:-1, max-image-preview:large, max-video-preview:-1\" \/>\n<link rel=\"canonical\" href=\"https:\/\/www.vilademuro.net\/es\/xii-horas-deportivas\/\" \/>\n<meta property=\"og:locale\" content=\"es_ES\" \/>\n<meta property=\"og:type\" content=\"article\" \/>\n<meta property=\"og:title\" content=\"XII Horas Deportivas | Ajuntament de Muro\" \/>\n<meta property=\"og:description\" content=\"El pr\u00f3ximo 23 de mayo se celebraran las XII Horas Deportivas de Muro. Como todos los a\u00f1os, es un evento deportivo en el que los alumnos de las escuelas deportivas [&hellip;]\" \/>\n<meta property=\"og:url\" content=\"https:\/\/www.vilademuro.net\/es\/xii-horas-deportivas\/\" \/>\n<meta property=\"og:site_name\" content=\"Ajuntament de Muro\" \/>\n<meta property=\"article:publisher\" content=\"https:\/\/www.facebook.com\/murodealcoy\" \/>\n<meta property=\"article:published_time\" content=\"2019-12-16T13:20:42+00:00\" \/>\n<meta property=\"og:image\" content=\"https:\/\/www.vilademuro.net\/wp-content\/uploads\/2019\/12\/junta-esportiva-logo.jpg\" \/>\n\t<meta property=\"og:image:width\" content=\"350\" \/>\n\t<meta property=\"og:image:height\" content=\"161\" \/>\n\t<meta property=\"og:image:type\" content=\"image\/jpeg\" \/>\n<meta name=\"author\" content=\"Antonio Blanes\" \/>\n<meta name=\"twitter:card\" content=\"summary_large_image\" \/>\n<meta name=\"twitter:creator\" content=\"@AjuntamentMuro\" \/>\n<meta name=\"twitter:site\" content=\"@AjuntamentMuro\" \/>\n<meta name=\"twitter:label1\" content=\"Escrito por\" \/>\n\t<meta name=\"twitter:data1\" content=\"Antonio Blanes\" \/>\n\t<meta name=\"twitter:label2\" content=\"Tiempo de lectura\" \/>\n\t<meta name=\"twitter:data2\" content=\"1 minuto\" \/>\n<script type=\"application\/ld+json\" class=\"yoast-schema-graph\">{\"@context\":\"https:\/\/schema.org\",\"@graph\":[{\"@type\":\"Article\",\"@id\":\"https:\/\/www.vilademuro.net\/es\/xii-horas-deportivas\/#article\",\"isPartOf\":{\"@id\":\"https:\/\/www.vilademuro.net\/es\/xii-horas-deportivas\/\"},\"author\":{\"name\":\"Antonio Blanes\",\"@id\":\"https:\/\/www.vilademuro.net\/es\/#\/schema\/person\/9da2e9e21fe4f0fb80a297f45b5200c6\"},\"headline\":\"XII Horas Deportivas\",\"datePublished\":\"2019-12-16T13:20:42+00:00\",\"mainEntityOfPage\":{\"@id\":\"https:\/\/www.vilademuro.net\/es\/xii-horas-deportivas\/\"},\"wordCount\":140,\"publisher\":{\"@id\":\"https:\/\/www.vilademuro.net\/es\/#organization\"},\"image\":{\"@id\":\"https:\/\/www.vilademuro.net\/es\/xii-horas-deportivas\/#primaryimage\"},\"thumbnailUrl\":\"https:\/\/www.vilademuro.net\/wp-content\/uploads\/2019\/12\/junta-esportiva-logo.jpg\",\"articleSection\":[\"Esports\",\"Noticias\"],\"inLanguage\":\"es\"},{\"@type\":\"WebPage\",\"@id\":\"https:\/\/www.vilademuro.net\/es\/xii-horas-deportivas\/\",\"url\":\"https:\/\/www.vilademuro.net\/es\/xii-horas-deportivas\/\",\"name\":\"XII Horas Deportivas | Ajuntament de Muro\",\"isPartOf\":{\"@id\":\"https:\/\/www.vilademuro.net\/es\/#website\"},\"primaryImageOfPage\":{\"@id\":\"https:\/\/www.vilademuro.net\/es\/xii-horas-deportivas\/#primaryimage\"},\"image\":{\"@id\":\"https:\/\/www.vilademuro.net\/es\/xii-horas-deportivas\/#primaryimage\"},\"thumbnailUrl\":\"https:\/\/www.vilademuro.net\/wp-content\/uploads\/2019\/12\/junta-esportiva-logo.jpg\",\"datePublished\":\"2019-12-16T13:20:42+00:00\",\"breadcrumb\":{\"@id\":\"https:\/\/www.vilademuro.net\/es\/xii-horas-deportivas\/#breadcrumb\"},\"inLanguage\":\"es\",\"potentialAction\":[{\"@type\":\"ReadAction\",\"target\":[\"https:\/\/www.vilademuro.net\/es\/xii-horas-deportivas\/\"]}]},{\"@type\":\"ImageObject\",\"inLanguage\":\"es\",\"@id\":\"https:\/\/www.vilademuro.net\/es\/xii-horas-deportivas\/#primaryimage\",\"url\":\"https:\/\/www.vilademuro.net\/wp-content\/uploads\/2019\/12\/junta-esportiva-logo.jpg\",\"contentUrl\":\"https:\/\/www.vilademuro.net\/wp-content\/uploads\/2019\/12\/junta-esportiva-logo.jpg\",\"width\":350,\"height\":161,\"caption\":\"Deportes\"},{\"@type\":\"BreadcrumbList\",\"@id\":\"https:\/\/www.vilademuro.net\/es\/xii-horas-deportivas\/#breadcrumb\",\"itemListElement\":[{\"@type\":\"ListItem\",\"position\":1,\"name\":\"Inici\",\"item\":\"https:\/\/www.vilademuro.net\/es\/\"},{\"@type\":\"ListItem\",\"position\":2,\"name\":\"XII Horas Deportivas\"}]},{\"@type\":\"WebSite\",\"@id\":\"https:\/\/www.vilademuro.net\/es\/#website\",\"url\":\"https:\/\/www.vilademuro.net\/es\/\",\"name\":\"Ajuntament de Muro d'Alcoi\",\"description\":\"P\u00e1gina web oficial de l&#039;Ajuntament de Muro\",\"publisher\":{\"@id\":\"https:\/\/www.vilademuro.net\/es\/#organization\"},\"potentialAction\":[{\"@type\":\"SearchAction\",\"target\":{\"@type\":\"EntryPoint\",\"urlTemplate\":\"https:\/\/www.vilademuro.net\/es\/?s={search_term_string}\"},\"query-input\":{\"@type\":\"PropertyValueSpecification\",\"valueRequired\":true,\"valueName\":\"search_term_string\"}}],\"inLanguage\":\"es\"},{\"@type\":\"Organization\",\"@id\":\"https:\/\/www.vilademuro.net\/es\/#organization\",\"name\":\"Ajuntament de Muro\",\"url\":\"https:\/\/www.vilademuro.net\/es\/\",\"logo\":{\"@type\":\"ImageObject\",\"inLanguage\":\"es\",\"@id\":\"https:\/\/www.vilademuro.net\/es\/#\/schema\/logo\/image\/\",\"url\":\"https:\/\/www.vilademuro.net\/wp-content\/uploads\/2022\/10\/LOGO3-2.jpg\",\"contentUrl\":\"https:\/\/www.vilademuro.net\/wp-content\/uploads\/2022\/10\/LOGO3-2.jpg\",\"width\":756,\"height\":517,\"caption\":\"Ajuntament de Muro\"},\"image\":{\"@id\":\"https:\/\/www.vilademuro.net\/es\/#\/schema\/logo\/image\/\"},\"sameAs\":[\"https:\/\/www.facebook.com\/murodealcoy\",\"https:\/\/x.com\/AjuntamentMuro\",\"https:\/\/www.youtube.com\/channel\/UC2rwbKfRqsd1Ncwm6Y1prQw\"]},{\"@type\":\"Person\",\"@id\":\"https:\/\/www.vilademuro.net\/es\/#\/schema\/person\/9da2e9e21fe4f0fb80a297f45b5200c6\",\"name\":\"Antonio Blanes\",\"image\":{\"@type\":\"ImageObject\",\"inLanguage\":\"es\",\"@id\":\"https:\/\/www.vilademuro.net\/es\/#\/schema\/person\/image\/\",\"url\":\"https:\/\/secure.gravatar.com\/avatar\/59c9e362d2345f01b4f5a016a3a9bf555bf34d9a44372f35a765dd60a06aa322?s=96&d=mm&r=g\",\"contentUrl\":\"https:\/\/secure.gravatar.com\/avatar\/59c9e362d2345f01b4f5a016a3a9bf555bf34d9a44372f35a765dd60a06aa322?s=96&d=mm&r=g\",\"caption\":\"Antonio Blanes\"}}]}<\/script>\n<!-- \/ Yoast SEO plugin. -->","yoast_head_json":{"title":"XII Horas Deportivas | Ajuntament de Muro","robots":{"index":"index","follow":"follow","max-snippet":"max-snippet:-1","max-image-preview":"max-image-preview:large","max-video-preview":"max-video-preview:-1"},"canonical":"https:\/\/www.vilademuro.net\/es\/xii-horas-deportivas\/","og_locale":"es_ES","og_type":"article","og_title":"XII Horas Deportivas | Ajuntament de Muro","og_description":"El pr\u00f3ximo 23 de mayo se celebraran las XII Horas Deportivas de Muro. Como todos los a\u00f1os, es un evento deportivo en el que los alumnos de las escuelas deportivas [&hellip;]","og_url":"https:\/\/www.vilademuro.net\/es\/xii-horas-deportivas\/","og_site_name":"Ajuntament de Muro","article_publisher":"https:\/\/www.facebook.com\/murodealcoy","article_published_time":"2019-12-16T13:20:42+00:00","og_image":[{"width":350,"height":161,"url":"https:\/\/www.vilademuro.net\/wp-content\/uploads\/2019\/12\/junta-esportiva-logo.jpg","type":"image\/jpeg"}],"author":"Antonio Blanes","twitter_card":"summary_large_image","twitter_creator":"@AjuntamentMuro","twitter_site":"@AjuntamentMuro","twitter_misc":{"Escrito por":"Antonio Blanes","Tiempo de lectura":"1 minuto"},"schema":{"@context":"https:\/\/schema.org","@graph":[{"@type":"Article","@id":"https:\/\/www.vilademuro.net\/es\/xii-horas-deportivas\/#article","isPartOf":{"@id":"https:\/\/www.vilademuro.net\/es\/xii-horas-deportivas\/"},"author":{"name":"Antonio Blanes","@id":"https:\/\/www.vilademuro.net\/es\/#\/schema\/person\/9da2e9e21fe4f0fb80a297f45b5200c6"},"headline":"XII Horas Deportivas","datePublished":"2019-12-16T13:20:42+00:00","mainEntityOfPage":{"@id":"https:\/\/www.vilademuro.net\/es\/xii-horas-deportivas\/"},"wordCount":140,"publisher":{"@id":"https:\/\/www.vilademuro.net\/es\/#organization"},"image":{"@id":"https:\/\/www.vilademuro.net\/es\/xii-horas-deportivas\/#primaryimage"},"thumbnailUrl":"https:\/\/www.vilademuro.net\/wp-content\/uploads\/2019\/12\/junta-esportiva-logo.jpg","articleSection":["Esports","Noticias"],"inLanguage":"es"},{"@type":"WebPage","@id":"https:\/\/www.vilademuro.net\/es\/xii-horas-deportivas\/","url":"https:\/\/www.vilademuro.net\/es\/xii-horas-deportivas\/","name":"XII Horas Deportivas | Ajuntament de Muro","isPartOf":{"@id":"https:\/\/www.vilademuro.net\/es\/#website"},"primaryImageOfPage":{"@id":"https:\/\/www.vilademuro.net\/es\/xii-horas-deportivas\/#primaryimage"},"image":{"@id":"https:\/\/www.vilademuro.net\/es\/xii-horas-deportivas\/#primaryimage"},"thumbnailUrl":"https:\/\/www.vilademuro.net\/wp-content\/uploads\/2019\/12\/junta-esportiva-logo.jpg","datePublished":"2019-12-16T13:20:42+00:00","breadcrumb":{"@id":"https:\/\/www.vilademuro.net\/es\/xii-horas-deportivas\/#breadcrumb"},"inLanguage":"es","potentialAction":[{"@type":"ReadAction","target":["https:\/\/www.vilademuro.net\/es\/xii-horas-deportivas\/"]}]},{"@type":"ImageObject","inLanguage":"es","@id":"https:\/\/www.vilademuro.net\/es\/xii-horas-deportivas\/#primaryimage","url":"https:\/\/www.vilademuro.net\/wp-content\/uploads\/2019\/12\/junta-esportiva-logo.jpg","contentUrl":"https:\/\/www.vilademuro.net\/wp-content\/uploads\/2019\/12\/junta-esportiva-logo.jpg","width":350,"height":161,"caption":"Deportes"},{"@type":"BreadcrumbList","@id":"https:\/\/www.vilademuro.net\/es\/xii-horas-deportivas\/#breadcrumb","itemListElement":[{"@type":"ListItem","position":1,"name":"Inici","item":"https:\/\/www.vilademuro.net\/es\/"},{"@type":"ListItem","position":2,"name":"XII Horas Deportivas"}]},{"@type":"WebSite","@id":"https:\/\/www.vilademuro.net\/es\/#website","url":"https:\/\/www.vilademuro.net\/es\/","name":"Ajuntament de Muro d'Alcoi","description":"P\u00e1gina web oficial de l&#039;Ajuntament de Muro","publisher":{"@id":"https:\/\/www.vilademuro.net\/es\/#organization"},"potentialAction":[{"@type":"SearchAction","target":{"@type":"EntryPoint","urlTemplate":"https:\/\/www.vilademuro.net\/es\/?s={search_term_string}"},"query-input":{"@type":"PropertyValueSpecification","valueRequired":true,"valueName":"search_term_string"}}],"inLanguage":"es"},{"@type":"Organization","@id":"https:\/\/www.vilademuro.net\/es\/#organization","name":"Ajuntament de Muro","url":"https:\/\/www.vilademuro.net\/es\/","logo":{"@type":"ImageObject","inLanguage":"es","@id":"https:\/\/www.vilademuro.net\/es\/#\/schema\/logo\/image\/","url":"https:\/\/www.vilademuro.net\/wp-content\/uploads\/2022\/10\/LOGO3-2.jpg","contentUrl":"https:\/\/www.vilademuro.net\/wp-content\/uploads\/2022\/10\/LOGO3-2.jpg","width":756,"height":517,"caption":"Ajuntament de Muro"},"image":{"@id":"https:\/\/www.vilademuro.net\/es\/#\/schema\/logo\/image\/"},"sameAs":["https:\/\/www.facebook.com\/murodealcoy","https:\/\/x.com\/AjuntamentMuro","https:\/\/www.youtube.com\/channel\/UC2rwbKfRqsd1Ncwm6Y1prQw"]},{"@type":"Person","@id":"https:\/\/www.vilademuro.net\/es\/#\/schema\/person\/9da2e9e21fe4f0fb80a297f45b5200c6","name":"Antonio Blanes","image":{"@type":"ImageObject","inLanguage":"es","@id":"https:\/\/www.vilademuro.net\/es\/#\/schema\/person\/image\/","url":"https:\/\/secure.gravatar.com\/avatar\/59c9e362d2345f01b4f5a016a3a9bf555bf34d9a44372f35a765dd60a06aa322?s=96&d=mm&r=g","contentUrl":"https:\/\/secure.gravatar.com\/avatar\/59c9e362d2345f01b4f5a016a3a9bf555bf34d9a44372f35a765dd60a06aa322?s=96&d=mm&r=g","caption":"Antonio Blanes"}}]}},"_links":{"self":[{"href":"https:\/\/www.vilademuro.net\/es\/wp-json\/wp\/v2\/posts\/31122","targetHints":{"allow":["GET"]}}],"collection":[{"href":"https:\/\/www.vilademuro.net\/es\/wp-json\/wp\/v2\/posts"}],"about":[{"href":"https:\/\/www.vilademuro.net\/es\/wp-json\/wp\/v2\/types\/post"}],"author":[{"embeddable":true,"href":"https:\/\/www.vilademuro.net\/es\/wp-json\/wp\/v2\/users\/2"}],"replies":[{"embeddable":true,"href":"https:\/\/www.vilademuro.net\/es\/wp-json\/wp\/v2\/comments?post=31122"}],"version-history":[{"count":0,"href":"https:\/\/www.vilademuro.net\/es\/wp-json\/wp\/v2\/posts\/31122\/revisions"}],"wp:featuredmedia":[{"embeddable":true,"href":"https:\/\/www.vilademuro.net\/es\/wp-json\/wp\/v2\/media\/31091"}],"wp:attachment":[{"href":"https:\/\/www.vilademuro.net\/es\/wp-json\/wp\/v2\/media?parent=31122"}],"wp:term":[{"taxonomy":"category","embeddable":true,"href":"https:\/\/www.vilademuro.net\/es\/wp-json\/wp\/v2\/categories?post=31122"},{"taxonomy":"post_tag","embeddable":true,"href":"https:\/\/www.vilademuro.net\/es\/wp-json\/wp\/v2\/tags?post=31122"}],"curies":[{"name":"wp","href":"https:\/\/api.w.org\/{rel}","templated":true}]}}