{"id":31080,"date":"2019-12-16T12:47:31","date_gmt":"2019-12-16T12:47:31","guid":{"rendered":"https:\/\/www.vilademuro.net\/escuelas-deportivas-2019\/"},"modified":"2019-12-16T12:47:31","modified_gmt":"2019-12-16T12:47:31","slug":"escuelas-deportivas-2019","status":"publish","type":"post","link":"https:\/\/www.vilademuro.net\/es\/escuelas-deportivas-2019\/","title":{"rendered":"Escuelas deportivas 2019"},"content":{"rendered":"<h2><img loading=\"lazy\" decoding=\"async\" class=\"alignnone size-medium wp-image-31062 aligncenter\" src=\"https:\/\/www.vilademuro.net\/wp-content\/uploads\/2019\/12\/escoles-esportives-300x240.jpg\" alt=\"\" width=\"300\" height=\"240\" srcset=\"https:\/\/www.vilademuro.net\/wp-content\/uploads\/2019\/12\/escoles-esportives-300x240.jpg 300w, https:\/\/www.vilademuro.net\/wp-content\/uploads\/2019\/12\/escoles-esportives.jpg 350w\" sizes=\"(max-width: 300px) 100vw, 300px\" \/><\/h2>\n<h2>POLIDEPORTIVO MUNICIPAL:<br \/>\nTel\u00e9fono: 689009395<\/h2>\n<p>HORARIO DE ATENCI\u00d3N AL P\u00daBLICO:<br \/>\nLunes a viernes de 17.30 h a 20.30 h<\/p>\n<p>COORDINADOR DE ACTIVIDADES:<br \/>\nPau Vicedo P\u00e9rez: 634413280<\/p>\n<p><a href=\"https:\/\/www.vilademuro.net\/wp-content\/uploads\/2019\/12\/Pat\u00ed.pdf\" target=\"_blank\" rel=\"noopener noreferrer\">Descaregar tr\u00edptico informativo de patinaje y hoquey patines<\/a><\/p>\n<p><a href=\"https:\/\/www.vilademuro.net\/wp-content\/uploads\/2019\/12\/Tennis-2019.pdf\" target=\"_blank\" rel=\"noopener noreferrer\">Descargar tr\u00edptico informativo de tenis.<\/a><\/p>\n<p><a href=\"https:\/\/www.vilademuro.net\/wp-content\/uploads\/2019\/12\/Murobasquet.pdf\" target=\"_blank\" rel=\"noopener noreferrer\">Descargar tr\u00edptico informativo de baloncesto<\/a><\/p>\n<p><a href=\"https:\/\/www.vilademuro.net\/wp-content\/uploads\/2019\/12\/Pilota-Valenciana.pdf\" target=\"_blank\" rel=\"noopener noreferrer\">Descargar tr\u00edptico informativo de pilota valenciana.<\/a><\/p>\n<p><a href=\"https:\/\/www.vilademuro.net\/wp-content\/uploads\/2019\/12\/Gimnastica.pdf\" target=\"_blank\" rel=\"noopener noreferrer\">Descargar tr\u00edptico informativo de gimnasia art\u00edstica y gimnasia ritmica.<\/a><\/p>\n<p><a href=\"https:\/\/www.vilademuro.net\/wp-content\/uploads\/2019\/12\/Judo.pdf\" target=\"_blank\" rel=\"noopener noreferrer\">Descargar tr\u00edptico informativo de judo.<\/a><\/p>\n<p><a href=\"https:\/\/www.vilademuro.net\/wp-content\/uploads\/2019\/12\/Muro-CF.pdf\" target=\"_blank\" rel=\"noopener noreferrer\">Descargar tr\u00edptico informativo Muro CF<\/a><\/p>\n<p><strong>Recordar que les Escuelas Deportivas depende exclusivamente del los Clubs.<\/strong><\/p>\n","protected":false},"excerpt":{"rendered":"<p>POLIDEPORTIVO MUNICIPAL: Tel\u00e9fono: 689009395 HORARIO DE ATENCI\u00d3N AL P\u00daBLICO: Lunes a viernes de 17.30 h a 20.30 h COORDINADOR DE ACTIVIDADES: Pau Vicedo P\u00e9rez: 634413280 Descaregar tr\u00edptico informativo de patinaje [&hellip;]<\/p>\n","protected":false},"author":2,"featured_media":31063,"comment_status":"closed","ping_status":"closed","sticky":false,"template":"","format":"standard","meta":{"_et_pb_use_builder":"","_et_pb_old_content":"","_et_gb_content_width":"","footnotes":""},"categories":[59,49],"tags":[],"class_list":["post-31080","post","type-post","status-publish","format-standard","has-post-thumbnail","hentry","category-esports-es","category-noticias"],"yoast_head":"<!-- This site is optimized with the Yoast SEO plugin v27.1.1 - https:\/\/yoast.com\/product\/yoast-seo-wordpress\/ -->\n<title>Escuelas deportivas 2019 | Ajuntament de Muro<\/title>\n<meta name=\"description\" content=\"escoles esportives\" \/>\n<meta name=\"robots\" content=\"index, follow, max-snippet:-1, max-image-preview:large, max-video-preview:-1\" \/>\n<link rel=\"canonical\" href=\"https:\/\/www.vilademuro.net\/es\/escuelas-deportivas-2019\/\" \/>\n<meta property=\"og:locale\" content=\"es_ES\" \/>\n<meta property=\"og:type\" content=\"article\" \/>\n<meta property=\"og:title\" content=\"Escuelas deportivas 2019 | Ajuntament de Muro\" \/>\n<meta property=\"og:description\" content=\"escoles esportives\" \/>\n<meta property=\"og:url\" content=\"https:\/\/www.vilademuro.net\/es\/escuelas-deportivas-2019\/\" \/>\n<meta property=\"og:site_name\" content=\"Ajuntament de Muro\" \/>\n<meta property=\"article:publisher\" content=\"https:\/\/www.facebook.com\/murodealcoy\" \/>\n<meta property=\"article:published_time\" content=\"2019-12-16T12:47:31+00:00\" \/>\n<meta property=\"og:image\" content=\"https:\/\/www.vilademuro.net\/wp-content\/uploads\/2019\/12\/escoles-esportives.jpg\" \/>\n\t<meta property=\"og:image:width\" content=\"350\" \/>\n\t<meta property=\"og:image:height\" content=\"280\" \/>\n\t<meta property=\"og:image:type\" content=\"image\/jpeg\" \/>\n<meta name=\"author\" content=\"Antonio Blanes\" \/>\n<meta name=\"twitter:card\" content=\"summary_large_image\" \/>\n<meta name=\"twitter:creator\" content=\"@AjuntamentMuro\" \/>\n<meta name=\"twitter:site\" content=\"@AjuntamentMuro\" \/>\n<meta name=\"twitter:label1\" content=\"Escrito por\" \/>\n\t<meta name=\"twitter:data1\" content=\"Antonio Blanes\" \/>\n<script type=\"application\/ld+json\" class=\"yoast-schema-graph\">{\"@context\":\"https:\/\/schema.org\",\"@graph\":[{\"@type\":\"Article\",\"@id\":\"https:\/\/www.vilademuro.net\/es\/escuelas-deportivas-2019\/#article\",\"isPartOf\":{\"@id\":\"https:\/\/www.vilademuro.net\/es\/escuelas-deportivas-2019\/\"},\"author\":{\"name\":\"Antonio Blanes\",\"@id\":\"https:\/\/www.vilademuro.net\/es\/#\/schema\/person\/9da2e9e21fe4f0fb80a297f45b5200c6\"},\"headline\":\"Escuelas deportivas 2019\",\"datePublished\":\"2019-12-16T12:47:31+00:00\",\"mainEntityOfPage\":{\"@id\":\"https:\/\/www.vilademuro.net\/es\/escuelas-deportivas-2019\/\"},\"wordCount\":88,\"publisher\":{\"@id\":\"https:\/\/www.vilademuro.net\/es\/#organization\"},\"image\":{\"@id\":\"https:\/\/www.vilademuro.net\/es\/escuelas-deportivas-2019\/#primaryimage\"},\"thumbnailUrl\":\"https:\/\/www.vilademuro.net\/wp-content\/uploads\/2019\/12\/escoles-esportives.jpg\",\"articleSection\":[\"Esports\",\"Noticias\"],\"inLanguage\":\"es\"},{\"@type\":\"WebPage\",\"@id\":\"https:\/\/www.vilademuro.net\/es\/escuelas-deportivas-2019\/\",\"url\":\"https:\/\/www.vilademuro.net\/es\/escuelas-deportivas-2019\/\",\"name\":\"Escuelas deportivas 2019 | Ajuntament de Muro\",\"isPartOf\":{\"@id\":\"https:\/\/www.vilademuro.net\/es\/#website\"},\"primaryImageOfPage\":{\"@id\":\"https:\/\/www.vilademuro.net\/es\/escuelas-deportivas-2019\/#primaryimage\"},\"image\":{\"@id\":\"https:\/\/www.vilademuro.net\/es\/escuelas-deportivas-2019\/#primaryimage\"},\"thumbnailUrl\":\"https:\/\/www.vilademuro.net\/wp-content\/uploads\/2019\/12\/escoles-esportives.jpg\",\"datePublished\":\"2019-12-16T12:47:31+00:00\",\"description\":\"escoles esportives\",\"breadcrumb\":{\"@id\":\"https:\/\/www.vilademuro.net\/es\/escuelas-deportivas-2019\/#breadcrumb\"},\"inLanguage\":\"es\",\"potentialAction\":[{\"@type\":\"ReadAction\",\"target\":[\"https:\/\/www.vilademuro.net\/es\/escuelas-deportivas-2019\/\"]}]},{\"@type\":\"ImageObject\",\"inLanguage\":\"es\",\"@id\":\"https:\/\/www.vilademuro.net\/es\/escuelas-deportivas-2019\/#primaryimage\",\"url\":\"https:\/\/www.vilademuro.net\/wp-content\/uploads\/2019\/12\/escoles-esportives.jpg\",\"contentUrl\":\"https:\/\/www.vilademuro.net\/wp-content\/uploads\/2019\/12\/escoles-esportives.jpg\",\"width\":350,\"height\":280},{\"@type\":\"BreadcrumbList\",\"@id\":\"https:\/\/www.vilademuro.net\/es\/escuelas-deportivas-2019\/#breadcrumb\",\"itemListElement\":[{\"@type\":\"ListItem\",\"position\":1,\"name\":\"Inici\",\"item\":\"https:\/\/www.vilademuro.net\/es\/\"},{\"@type\":\"ListItem\",\"position\":2,\"name\":\"Escuelas deportivas 2019\"}]},{\"@type\":\"WebSite\",\"@id\":\"https:\/\/www.vilademuro.net\/es\/#website\",\"url\":\"https:\/\/www.vilademuro.net\/es\/\",\"name\":\"Ajuntament de Muro d'Alcoi\",\"description\":\"P\u00e1gina web oficial de l&#039;Ajuntament de Muro\",\"publisher\":{\"@id\":\"https:\/\/www.vilademuro.net\/es\/#organization\"},\"potentialAction\":[{\"@type\":\"SearchAction\",\"target\":{\"@type\":\"EntryPoint\",\"urlTemplate\":\"https:\/\/www.vilademuro.net\/es\/?s={search_term_string}\"},\"query-input\":{\"@type\":\"PropertyValueSpecification\",\"valueRequired\":true,\"valueName\":\"search_term_string\"}}],\"inLanguage\":\"es\"},{\"@type\":\"Organization\",\"@id\":\"https:\/\/www.vilademuro.net\/es\/#organization\",\"name\":\"Ajuntament de Muro\",\"url\":\"https:\/\/www.vilademuro.net\/es\/\",\"logo\":{\"@type\":\"ImageObject\",\"inLanguage\":\"es\",\"@id\":\"https:\/\/www.vilademuro.net\/es\/#\/schema\/logo\/image\/\",\"url\":\"https:\/\/www.vilademuro.net\/wp-content\/uploads\/2022\/10\/LOGO3-2.jpg\",\"contentUrl\":\"https:\/\/www.vilademuro.net\/wp-content\/uploads\/2022\/10\/LOGO3-2.jpg\",\"width\":756,\"height\":517,\"caption\":\"Ajuntament de Muro\"},\"image\":{\"@id\":\"https:\/\/www.vilademuro.net\/es\/#\/schema\/logo\/image\/\"},\"sameAs\":[\"https:\/\/www.facebook.com\/murodealcoy\",\"https:\/\/x.com\/AjuntamentMuro\",\"https:\/\/www.youtube.com\/channel\/UC2rwbKfRqsd1Ncwm6Y1prQw\"]},{\"@type\":\"Person\",\"@id\":\"https:\/\/www.vilademuro.net\/es\/#\/schema\/person\/9da2e9e21fe4f0fb80a297f45b5200c6\",\"name\":\"Antonio Blanes\",\"image\":{\"@type\":\"ImageObject\",\"inLanguage\":\"es\",\"@id\":\"https:\/\/www.vilademuro.net\/es\/#\/schema\/person\/image\/\",\"url\":\"https:\/\/secure.gravatar.com\/avatar\/59c9e362d2345f01b4f5a016a3a9bf555bf34d9a44372f35a765dd60a06aa322?s=96&d=mm&r=g\",\"contentUrl\":\"https:\/\/secure.gravatar.com\/avatar\/59c9e362d2345f01b4f5a016a3a9bf555bf34d9a44372f35a765dd60a06aa322?s=96&d=mm&r=g\",\"caption\":\"Antonio Blanes\"}}]}<\/script>\n<!-- \/ Yoast SEO plugin. -->","yoast_head_json":{"title":"Escuelas deportivas 2019 | Ajuntament de Muro","description":"escoles esportives","robots":{"index":"index","follow":"follow","max-snippet":"max-snippet:-1","max-image-preview":"max-image-preview:large","max-video-preview":"max-video-preview:-1"},"canonical":"https:\/\/www.vilademuro.net\/es\/escuelas-deportivas-2019\/","og_locale":"es_ES","og_type":"article","og_title":"Escuelas deportivas 2019 | Ajuntament de Muro","og_description":"escoles esportives","og_url":"https:\/\/www.vilademuro.net\/es\/escuelas-deportivas-2019\/","og_site_name":"Ajuntament de Muro","article_publisher":"https:\/\/www.facebook.com\/murodealcoy","article_published_time":"2019-12-16T12:47:31+00:00","og_image":[{"width":350,"height":280,"url":"https:\/\/www.vilademuro.net\/wp-content\/uploads\/2019\/12\/escoles-esportives.jpg","type":"image\/jpeg"}],"author":"Antonio Blanes","twitter_card":"summary_large_image","twitter_creator":"@AjuntamentMuro","twitter_site":"@AjuntamentMuro","twitter_misc":{"Escrito por":"Antonio Blanes"},"schema":{"@context":"https:\/\/schema.org","@graph":[{"@type":"Article","@id":"https:\/\/www.vilademuro.net\/es\/escuelas-deportivas-2019\/#article","isPartOf":{"@id":"https:\/\/www.vilademuro.net\/es\/escuelas-deportivas-2019\/"},"author":{"name":"Antonio Blanes","@id":"https:\/\/www.vilademuro.net\/es\/#\/schema\/person\/9da2e9e21fe4f0fb80a297f45b5200c6"},"headline":"Escuelas deportivas 2019","datePublished":"2019-12-16T12:47:31+00:00","mainEntityOfPage":{"@id":"https:\/\/www.vilademuro.net\/es\/escuelas-deportivas-2019\/"},"wordCount":88,"publisher":{"@id":"https:\/\/www.vilademuro.net\/es\/#organization"},"image":{"@id":"https:\/\/www.vilademuro.net\/es\/escuelas-deportivas-2019\/#primaryimage"},"thumbnailUrl":"https:\/\/www.vilademuro.net\/wp-content\/uploads\/2019\/12\/escoles-esportives.jpg","articleSection":["Esports","Noticias"],"inLanguage":"es"},{"@type":"WebPage","@id":"https:\/\/www.vilademuro.net\/es\/escuelas-deportivas-2019\/","url":"https:\/\/www.vilademuro.net\/es\/escuelas-deportivas-2019\/","name":"Escuelas deportivas 2019 | Ajuntament de Muro","isPartOf":{"@id":"https:\/\/www.vilademuro.net\/es\/#website"},"primaryImageOfPage":{"@id":"https:\/\/www.vilademuro.net\/es\/escuelas-deportivas-2019\/#primaryimage"},"image":{"@id":"https:\/\/www.vilademuro.net\/es\/escuelas-deportivas-2019\/#primaryimage"},"thumbnailUrl":"https:\/\/www.vilademuro.net\/wp-content\/uploads\/2019\/12\/escoles-esportives.jpg","datePublished":"2019-12-16T12:47:31+00:00","description":"escoles esportives","breadcrumb":{"@id":"https:\/\/www.vilademuro.net\/es\/escuelas-deportivas-2019\/#breadcrumb"},"inLanguage":"es","potentialAction":[{"@type":"ReadAction","target":["https:\/\/www.vilademuro.net\/es\/escuelas-deportivas-2019\/"]}]},{"@type":"ImageObject","inLanguage":"es","@id":"https:\/\/www.vilademuro.net\/es\/escuelas-deportivas-2019\/#primaryimage","url":"https:\/\/www.vilademuro.net\/wp-content\/uploads\/2019\/12\/escoles-esportives.jpg","contentUrl":"https:\/\/www.vilademuro.net\/wp-content\/uploads\/2019\/12\/escoles-esportives.jpg","width":350,"height":280},{"@type":"BreadcrumbList","@id":"https:\/\/www.vilademuro.net\/es\/escuelas-deportivas-2019\/#breadcrumb","itemListElement":[{"@type":"ListItem","position":1,"name":"Inici","item":"https:\/\/www.vilademuro.net\/es\/"},{"@type":"ListItem","position":2,"name":"Escuelas deportivas 2019"}]},{"@type":"WebSite","@id":"https:\/\/www.vilademuro.net\/es\/#website","url":"https:\/\/www.vilademuro.net\/es\/","name":"Ajuntament de Muro d'Alcoi","description":"P\u00e1gina web oficial de l&#039;Ajuntament de Muro","publisher":{"@id":"https:\/\/www.vilademuro.net\/es\/#organization"},"potentialAction":[{"@type":"SearchAction","target":{"@type":"EntryPoint","urlTemplate":"https:\/\/www.vilademuro.net\/es\/?s={search_term_string}"},"query-input":{"@type":"PropertyValueSpecification","valueRequired":true,"valueName":"search_term_string"}}],"inLanguage":"es"},{"@type":"Organization","@id":"https:\/\/www.vilademuro.net\/es\/#organization","name":"Ajuntament de Muro","url":"https:\/\/www.vilademuro.net\/es\/","logo":{"@type":"ImageObject","inLanguage":"es","@id":"https:\/\/www.vilademuro.net\/es\/#\/schema\/logo\/image\/","url":"https:\/\/www.vilademuro.net\/wp-content\/uploads\/2022\/10\/LOGO3-2.jpg","contentUrl":"https:\/\/www.vilademuro.net\/wp-content\/uploads\/2022\/10\/LOGO3-2.jpg","width":756,"height":517,"caption":"Ajuntament de Muro"},"image":{"@id":"https:\/\/www.vilademuro.net\/es\/#\/schema\/logo\/image\/"},"sameAs":["https:\/\/www.facebook.com\/murodealcoy","https:\/\/x.com\/AjuntamentMuro","https:\/\/www.youtube.com\/channel\/UC2rwbKfRqsd1Ncwm6Y1prQw"]},{"@type":"Person","@id":"https:\/\/www.vilademuro.net\/es\/#\/schema\/person\/9da2e9e21fe4f0fb80a297f45b5200c6","name":"Antonio Blanes","image":{"@type":"ImageObject","inLanguage":"es","@id":"https:\/\/www.vilademuro.net\/es\/#\/schema\/person\/image\/","url":"https:\/\/secure.gravatar.com\/avatar\/59c9e362d2345f01b4f5a016a3a9bf555bf34d9a44372f35a765dd60a06aa322?s=96&d=mm&r=g","contentUrl":"https:\/\/secure.gravatar.com\/avatar\/59c9e362d2345f01b4f5a016a3a9bf555bf34d9a44372f35a765dd60a06aa322?s=96&d=mm&r=g","caption":"Antonio Blanes"}}]}},"_links":{"self":[{"href":"https:\/\/www.vilademuro.net\/es\/wp-json\/wp\/v2\/posts\/31080","targetHints":{"allow":["GET"]}}],"collection":[{"href":"https:\/\/www.vilademuro.net\/es\/wp-json\/wp\/v2\/posts"}],"about":[{"href":"https:\/\/www.vilademuro.net\/es\/wp-json\/wp\/v2\/types\/post"}],"author":[{"embeddable":true,"href":"https:\/\/www.vilademuro.net\/es\/wp-json\/wp\/v2\/users\/2"}],"replies":[{"embeddable":true,"href":"https:\/\/www.vilademuro.net\/es\/wp-json\/wp\/v2\/comments?post=31080"}],"version-history":[{"count":0,"href":"https:\/\/www.vilademuro.net\/es\/wp-json\/wp\/v2\/posts\/31080\/revisions"}],"wp:featuredmedia":[{"embeddable":true,"href":"https:\/\/www.vilademuro.net\/es\/wp-json\/wp\/v2\/media\/31063"}],"wp:attachment":[{"href":"https:\/\/www.vilademuro.net\/es\/wp-json\/wp\/v2\/media?parent=31080"}],"wp:term":[{"taxonomy":"category","embeddable":true,"href":"https:\/\/www.vilademuro.net\/es\/wp-json\/wp\/v2\/categories?post=31080"},{"taxonomy":"post_tag","embeddable":true,"href":"https:\/\/www.vilademuro.net\/es\/wp-json\/wp\/v2\/tags?post=31080"}],"curies":[{"name":"wp","href":"https:\/\/api.w.org\/{rel}","templated":true}]}}