{"id":58235,"global_id":"www.vilademuro.net\/es\/?id=58235","global_id_lineage":["www.vilademuro.net\/es\/?id=58235"],"author":"9","status":"publish","date":"2025-10-29 11:15:12","date_utc":"2025-10-29 10:15:12","modified":"2025-10-29 11:15:12","modified_utc":"2025-10-29 10:15:12","url":"https:\/\/www.vilademuro.net\/es\/event\/curso-dale-al-rec\/","rest_url":"https:\/\/www.vilademuro.net\/es\/wp-json\/tribe\/events\/v1\/events\/58235","title":"CURSO \u00bb DALE AL REC \u00ab","description":"<p><span style=\"color: #000000\">Curso de 150 horas<\/span><br \/>\n<span style=\"color: #000000\">DEL 24 DE OCTUBRE AL 12 DE DICIEMBRE 2025<\/span><\/p>\n<p><span style=\"color: #000000\">Del 24\/10\/2025 al 31\/10\/2025 de 09 a 14h &#8211; 30 HORAS<\/span><br \/>\n<span style=\"color: #000000\">1. Empleabilidad y habilidades sociales<\/span><br \/>\n<span style=\"color: #000000\">2. Herramientas social media para la b\u00fasqueda de empleo<\/span><br \/>\n<span style=\"color: #000000\">FORMACI\u00d3N ESPEC\u00cdFICA<\/span><br \/>\n<span style=\"color: #000000\">Del 03\/11\/25 al 15\/12\/25 de 09 a 13h &#8211; 120 HORAS<\/span><\/p>\n<p><span style=\"color: #000000\">Contenidos<\/span><br \/>\n<span style=\"color: #000000\">\u00b7 Introducci\u00f3n al video con m\u00f3vil<\/span><br \/>\n<span style=\"color: #000000\">\u00b7 Uso de la c\u00e1mara y configuraciones<\/span><br \/>\n<span style=\"color: #000000\">\u00b7 Storytelling en redes sociales<\/span><br \/>\n<span style=\"color: #000000\">\u00b7 Movimientos de c\u00e1mara y estabilizaci\u00f3n<\/span><br \/>\n<span style=\"color: #000000\">\u00b7 Edici\u00f3n b\u00e1sica con apps m\u00f3viles<\/span><br \/>\n<span style=\"color: #000000\">\u00b7 Dise\u00f1o visual con apps gratuitas<\/span><br \/>\n<span style=\"color: #000000\">\u00b7 Grabaci\u00f3n y edici\u00f3n de entrevistas<\/span><br \/>\n<span style=\"color: #000000\">\u00b7 IA aplicada al v\u00eddeo<\/span><\/p>\n<p><span style=\"color: #000000\">LUGAR: <\/span><span style=\"color: #000000\">Formaci\u00f3n Troncal: <\/span><span style=\"color: #000000\">Carrer Sant Francesc, 10. Alcoy<\/span><br \/>\n<span style=\"color: #000000\">Formaci\u00f3n espec\u00edfica: <\/span><span style=\"color: #000000\">Academia Vicente Milla, C\/ Na Saurina d\u2019Enten\u00e7a, 42<\/span><br \/>\n<span style=\"color: #000000\">INFORMACI\u00d3N:<\/span><br \/>\n<span style=\"color: #000000\">WEB: www.camaraalcoy.net<\/span><br \/>\n<span style=\"color: #000000\">EMAIL: talentojoven@camaraalcoy.net\u00a0<\/span><br \/>\n<span style=\"color: #000000\">TEL\u00c9FONO: 965549100<\/span><br \/>\n<span style=\"color: #000000\">PRECIO: <\/span><span style=\"color: #000000\">Gratuito<\/span><\/p>\n<p><a href=\"https:\/\/www.vilademuro.net\/wp-content\/uploads\/2025\/10\/Flyer_Curso_DaleAlRec_CamaraJoven_A5-1.pdf\">Flyer_Curso_DaleAlRec_C\u00e1maraJoven_A5 (1)<\/a><\/p>\n<p>&nbsp;<\/p>","excerpt":"","slug":"curso-dale-al-rec","image":{"url":"https:\/\/www.vilademuro.net\/wp-content\/uploads\/2025\/10\/DALE-AL-REC.jpg","id":58236,"extension":"jpg","width":1080,"height":1350,"filesize":107548,"sizes":{"medium":{"width":240,"height":300,"mime-type":"image\/jpeg","filesize":21154,"url":"https:\/\/www.vilademuro.net\/wp-content\/uploads\/2025\/10\/DALE-AL-REC-240x300.jpg"},"large":{"width":819,"height":1024,"mime-type":"image\/jpeg","filesize":122104,"url":"https:\/\/www.vilademuro.net\/wp-content\/uploads\/2025\/10\/DALE-AL-REC-819x1024.jpg"},"thumbnail":{"width":150,"height":150,"mime-type":"image\/jpeg","filesize":8453,"url":"https:\/\/www.vilademuro.net\/wp-content\/uploads\/2025\/10\/DALE-AL-REC-150x150.jpg"},"medium_large":{"width":768,"height":960,"mime-type":"image\/jpeg","filesize":112733,"url":"https:\/\/www.vilademuro.net\/wp-content\/uploads\/2025\/10\/DALE-AL-REC-768x960.jpg"},"et-pb-post-main-image":{"width":400,"height":250,"mime-type":"image\/jpeg","filesize":25693,"url":"https:\/\/www.vilademuro.net\/wp-content\/uploads\/2025\/10\/DALE-AL-REC-400x250.jpg"},"et-pb-post-main-image-fullwidth":{"width":1080,"height":675,"mime-type":"image\/jpeg","filesize":102131,"url":"https:\/\/www.vilademuro.net\/wp-content\/uploads\/2025\/10\/DALE-AL-REC-1080x675.jpg"},"et-pb-portfolio-image":{"width":400,"height":284,"mime-type":"image\/jpeg","filesize":28247,"url":"https:\/\/www.vilademuro.net\/wp-content\/uploads\/2025\/10\/DALE-AL-REC-400x284.jpg"},"et-pb-portfolio-module-image":{"width":510,"height":382,"mime-type":"image\/jpeg","filesize":41664,"url":"https:\/\/www.vilademuro.net\/wp-content\/uploads\/2025\/10\/DALE-AL-REC-510x382.jpg"},"et-pb-gallery-module-image-portrait":{"width":400,"height":516,"mime-type":"image\/jpeg","filesize":46206,"url":"https:\/\/www.vilademuro.net\/wp-content\/uploads\/2025\/10\/DALE-AL-REC-400x516.jpg"},"et-pb-image--responsive--tablet":{"width":980,"height":1225,"mime-type":"image\/jpeg","filesize":158001,"url":"https:\/\/www.vilademuro.net\/wp-content\/uploads\/2025\/10\/DALE-AL-REC-980x1225.jpg"},"et-pb-image--responsive--phone":{"width":480,"height":600,"mime-type":"image\/jpeg","filesize":58126,"url":"https:\/\/www.vilademuro.net\/wp-content\/uploads\/2025\/10\/DALE-AL-REC-480x600.jpg"}}},"all_day":true,"start_date":"2025-10-24 00:00:00","start_date_details":{"year":"2025","month":"10","day":"24","hour":"00","minutes":"00","seconds":"00"},"end_date":"2025-12-12 23:59:59","end_date_details":{"year":"2025","month":"12","day":"12","hour":"23","minutes":"59","seconds":"59"},"utc_start_date":"2025-10-23 22:00:00","utc_start_date_details":{"year":"2025","month":"10","day":"23","hour":"22","minutes":"00","seconds":"00"},"utc_end_date":"2025-12-12 22:59:59","utc_end_date_details":{"year":"2025","month":"12","day":"12","hour":"22","minutes":"59","seconds":"59"},"timezone":"Europe\/Madrid","timezone_abbr":"CEST","cost":"","cost_details":{"currency_symbol":"\u20ac","currency_code":"USD","currency_position":"suffix","values":[]},"website":"","show_map":true,"show_map_link":true,"hide_from_listings":false,"sticky":false,"featured":false,"categories":[],"tags":[],"venue":[],"organizer":[],"custom_fields":[],"json_ld":{"@context":"http:\/\/schema.org","@type":"Event","name":"CURSO \u00bb DALE AL REC \u00ab","description":"&lt;p&gt;Curso de 150 horas DEL 24 DE OCTUBRE AL 12 DE DICIEMBRE 2025 Del 24\/10\/2025 al 31\/10\/2025 de 09 a 14h - 30 HORAS 1. Empleabilidad y habilidades sociales 2. [&hellip;]&lt;\/p&gt;\\n","image":"https:\/\/www.vilademuro.net\/wp-content\/uploads\/2025\/10\/DALE-AL-REC.jpg","url":"https:\/\/www.vilademuro.net\/es\/event\/curso-dale-al-rec\/","eventAttendanceMode":"https:\/\/schema.org\/OfflineEventAttendanceMode","eventStatus":"https:\/\/schema.org\/EventScheduled","startDate":"2025-10-24T00:00:00+02:00","endDate":"2025-12-12T23:59:59+01:00","performer":"Organization"},"is_virtual":false,"virtual_url":null,"virtual_video_source":""}