{"id":55818,"global_id":"www.vilademuro.net\/es\/?id=55818","global_id_lineage":["www.vilademuro.net\/es\/?id=55818"],"author":"32","status":"publish","date":"2025-02-25 12:58:42","date_utc":"2025-02-25 11:58:42","modified":"2025-02-25 13:14:43","modified_utc":"2025-02-25 12:14:43","url":"https:\/\/www.vilademuro.net\/es\/event\/exposicio-del-col%c2%b7lectiu-damac\/","rest_url":"https:\/\/www.vilademuro.net\/es\/wp-json\/tribe\/events\/v1\/events\/55818","title":"EXPOSICI\u00d3N DEL COLECTIVO DAMAC","description":"<p data-start=\"0\" data-end=\"121\">EXPOSICI\u00d3N DEL COLECTIVO DAMAC<br data-start=\"30\" data-end=\"33\" \/>D\u00eda: del 7 de marzo al 4 de abril<br data-start=\"66\" data-end=\"69\" \/>Lugar: Sala Pintor Jover \u2013 Centro Cultural de Muro<\/p>\n<p data-start=\"123\" data-end=\"182\" data-is-last-node=\"\" data-is-only-node=\"\">COLECTIVO DAMAC DE MUJERES ARTISTAS DE L\u2019ALCOI\u00c0 Y EL COMTAT<\/p>\n<p><strong>HAY QUE CONSULTAR LOS HORARIOS<\/strong><\/p>","excerpt":"","slug":"exposicio-del-col%c2%b7lectiu-damac","image":{"url":"https:\/\/www.vilademuro.net\/wp-content\/uploads\/2025\/02\/images-4.png","id":55819,"extension":"png","width":225,"height":225,"filesize":2471,"sizes":{"thumbnail":{"width":150,"height":150,"mime-type":"image\/png","filesize":4276,"url":"https:\/\/www.vilademuro.net\/wp-content\/uploads\/2025\/02\/images-4-150x150.png"}}},"all_day":false,"start_date":"2025-03-07 16:00:00","start_date_details":{"year":"2025","month":"03","day":"07","hour":"16","minutes":"00","seconds":"00"},"end_date":"2025-04-04 16:00:00","end_date_details":{"year":"2025","month":"04","day":"04","hour":"16","minutes":"00","seconds":"00"},"utc_start_date":"2025-03-07 15:00:00","utc_start_date_details":{"year":"2025","month":"03","day":"07","hour":"15","minutes":"00","seconds":"00"},"utc_end_date":"2025-04-04 14:00:00","utc_end_date_details":{"year":"2025","month":"04","day":"04","hour":"14","minutes":"00","seconds":"00"},"timezone":"Europe\/Madrid","timezone_abbr":"CET","cost":"","cost_details":{"currency_symbol":"\u20ac","currency_code":"USD","currency_position":"suffix","values":[]},"website":"","show_map":true,"show_map_link":true,"hide_from_listings":false,"sticky":false,"featured":false,"categories":[],"tags":[],"venue":{"id":51021,"author":"32","status":"publish","date":"2023-12-08 11:26:53","date_utc":"2023-12-08 10:26:53","modified":"2023-12-08 11:26:53","modified_utc":"2023-12-08 10:26:53","url":"https:\/\/www.vilademuro.net\/local\/centre-cultural-de-muro\/","venue":"Centre Cultural de Muro","slug":"centre-cultural-de-muro","json_ld":{"@type":"Place","name":"Centre Cultural de Muro","description":"","url":"https:\/\/www.vilademuro.net\/local\/centre-cultural-de-muro\/","address":{"@type":"PostalAddress"},"telephone":"","sameAs":""},"show_map":true,"show_map_link":true,"global_id":"www.vilademuro.net\/es\/?id=51021","global_id_lineage":["www.vilademuro.net\/es\/?id=51021"]},"organizer":[],"custom_fields":[],"json_ld":{"@context":"http:\/\/schema.org","@type":"Event","name":"EXPOSICI\u00d3N DEL COLECTIVO DAMAC","description":"&lt;p&gt;EXPOSICI\u00d3N DEL COLECTIVO DAMACD\u00eda: del 7 de marzo al 4 de abrilLugar: Sala Pintor Jover \u2013 Centro Cultural de Muro COLECTIVO DAMAC DE MUJERES ARTISTAS DE L\u2019ALCOI\u00c0 Y EL COMTAT [&hellip;]&lt;\/p&gt;\\n","image":"https:\/\/www.vilademuro.net\/wp-content\/uploads\/2025\/02\/images-4.png","url":"https:\/\/www.vilademuro.net\/es\/event\/exposicio-del-col%c2%b7lectiu-damac\/","eventAttendanceMode":"https:\/\/schema.org\/OfflineEventAttendanceMode","eventStatus":"https:\/\/schema.org\/EventScheduled","startDate":"2025-03-07T16:00:00+01:00","endDate":"2025-04-04T16:00:00+02:00","location":{"@type":"Place","name":"Centre Cultural de Muro","description":"","url":"https:\/\/www.vilademuro.net\/local\/centre-cultural-de-muro\/","address":{"@type":"PostalAddress"},"telephone":"","sameAs":""},"performer":"Organization"},"is_virtual":false,"virtual_url":null,"virtual_video_source":""}